{"id":1583,"date":"2018-09-10T16:00:13","date_gmt":"2018-09-10T14:00:13","guid":{"rendered":"http:\/\/www.waldfreibad.com\/?p=1583"},"modified":"2018-09-10T16:00:13","modified_gmt":"2018-09-10T14:00:13","slug":"fast-26-000-badegaeste-im-waldfreibad","status":"publish","type":"post","link":"https:\/\/www.waldfreibad.com\/?p=1583","title":{"rendered":"Fast 26.000 Badeg\u00e4ste im Waldfreibad"},"content":{"rendered":"<p class=\"article__topic\"><strong>F\u00f6rderverein und Bademeister sind mit der Saison zufrieden \/ Verein beantragt h\u00f6here F\u00f6rderung durch Gemeinden.<br \/>\n<\/strong>(Von Cornelia Liebwein, Bericht aus der Badischen Zeitung vom 8.9.2018)<strong><br \/>\n<\/strong><\/p>\n<h6><img decoding=\"async\" class=\"media-box__el-holder__image\" title=\"Bademeister Olaf D\u00f6hring (links) und d... blicken auf eine gute Saison zur\u00fcck. | Foto: Cornelia Liebwein\" src=\"http:\/\/ais.badische-zeitung.de\/piece\/09\/53\/0c\/6f\/156437615-h-720.jpg\" alt=\"Bademeister Olaf D\u00f6hring (links) und d... blicken auf eine gute Saison zur\u00fcck. | Foto: Cornelia Liebwein\" \/>Bademeister Olaf D\u00f6hring (links) und der Vorsitzende des F\u00f6rdervereins, Rainer Schwinkendorf, blicken auf eine gute Saison zur\u00fcck. <span class=\"media-box__gallery__item--BU--autor\">Foto:\u00a0Cornelia\u00a0Liebwein<\/span><\/h6>\n<p><span class=\"ngSpitzmarke\">H\u00d6CHENSCHWAND\/H\u00c4USERN.<\/span> Bis am Sonntag noch, dann schlie\u00dft das beheizte Waldfreibad H\u00f6chenschwand-H\u00e4usern f\u00fcr diese Saison seine T\u00fcren und r\u00fcstet sich f\u00fcr den Winterschlaf. Der hei\u00dfe Sommer l\u00e4sst den Vorsitzenden des F\u00f6rdervereins &#8222;Freunde des Waldfreibades&#8220;, Rainer Schwinkendorf, seine Vorstandskollegen und Bademeister Olaf D\u00f6hring zufrieden zur\u00fcck.<img loading=\"lazy\" decoding=\"async\" src=\"http:\/\/w.online-verlag-freiburg.de\/www\/delivery\/lg.php?bannerid=4828&amp;campaignid=2277&amp;zoneid=85441&amp;loc=1&amp;referer=http%3A%2F%2Fwww.badische-zeitung.de%2Fhaeusern%2Ffast-26-000-badegaeste-im-waldfreibad&amp;cb=8ca370e775\" alt=\"\" width=\"0\" height=\"0\" \/><\/p>\n<p>Die letzten Strahlen der Septembersonne flimmern an diesem Abend durch die Wipfel der umliegenden B\u00e4ume. Noch k\u00f6nnen die Badeg\u00e4ste die Idylle des Waldbades nutzen. Und selbst wenn das Au\u00dfenthermometer auf k\u00fchl steht, schwimmen einige Dauerschwimmer ihre Bahnen. Laut Schwinkendorf waren es in diesem Jahr beinahe 25 600 Badeg\u00e4ste, die sich das Waldfreibad als Ziel ausgesucht hatten. &#8222;Vielleicht&#8220;, so hofft er, &#8222;k\u00f6nnen wir bis Sonntag die 26 000 Marke knacken&#8220;. Fest steht aber, dass es seit dem Bestehen des F\u00f6rdervereins seit 14 Jahren lediglich in zwei Sommern mehr Besucher gab. &#8222;Nur in den beiden Topjahren 2013 und 2015 hatten wir \u00fcber 30 000 Badeg\u00e4ste&#8220;.<\/p>\n<p>Auch von den Einnahmen her ist er zufrieden. Der Vorverkauf im Fr\u00fchjahr rentiere schon, rechnet er, wobei wieder viele Karten verkauft werden konnten. Meist h\u00e4nge die Menge der Karten, die man im Vorverkauf verkaufe, vom Wetter der vorherigen Saison ab. Konnten die Menschen ihre Karte nicht genug nutzen, seien sie im darauffolgenden Jahr eher zur\u00fcckhaltend.<\/p>\n<p>Anders sei es, wenn es davor ein sch\u00f6ner Sommer war. Insgesamt seien es dieses Jahr 346 Saisonkarten gewesen und nur 2006 und 2007 waren es mehr. Ein guter Tag sei es, meint Schwinkendorf, wenn 300 G\u00e4ste das Bad nutzten. An Hand einer Besucherstatistik kann er entnehmen, dass das an 30 Tagen der Fall gewesen ist. Die am besten besuchten Tage waren Ende Juli mit Ferienbeginn und sch\u00f6nem Wetter und fast 1000 Besuchern.<\/p>\n<div class=\"ngZwiti\">Die Zusch\u00fcsse reichen nicht mehr aus<\/div>\n<p>Was ihn besonders gefreut hat, war die gro\u00dfe Spendenbereitschaft, nachdem die Menschen von den finanziellen Problemen erfuhren. Zwar profitiere man von der guten Bausubstanz. Fakt sei aber, gibt er zu bedenken, dass die Unterhaltung des Bades viel Geld verschluckt. So brauche die Solaranlage wieder neue Rohre und auch in die Technik m\u00fcsse erneut investiert werden.<\/p>\n<p>Dass alles teurer werde wisse man ja und das k\u00f6nne man nicht auf die Eintrittspreise umlegen. &#8222;Dieses Jahr haben wir von den Gemeinden noch zus\u00e4tzlich je 7500 Euro bekommen&#8220;. Nach 14 Jahren habe er bei den Gemeinden H\u00f6chenschwand und H\u00e4usern einen Antrag um Erh\u00f6hung des Regelzuschusses von 50 000 Euro beantragen m\u00fcssen, da der F\u00f6rderverein mit dieser Summe und den erwirtschafteten Betr\u00e4gen nicht mehr auskommt, erkl\u00e4rt er. \u00dcber die erh\u00f6hte Bezuschussung von 20 000 Euro je Gemeinde f\u00fcr die Zeit ab 2019 bis einschlie\u00dflich 2022 werde diesen Herbst in der Haushaltsplanung f\u00fcr 2019 abgestimmt. &#8222;So wissen wir dann, was f\u00fcr Geld uns zur Verf\u00fcgung steht, mit was wir kalkulieren k\u00f6nnen&#8220;, sagt er.<\/p>\n<p>Bei einem Blick auf die Liegewiese wird klar, dass dort der hei\u00dfe Sommer keine Spuren hinterlassen hat, sattes Gr\u00fcn ist zu sehen.<\/p>\n<p>Von Rainer Schwinkendorf erf\u00e4hrt man, dass die Wiese durch intensives Sprengen und D\u00fcngen so sch\u00f6n gr\u00fcn blieb. &#8222;F\u00fcr den Wasserverbrauch ist dies unerheblich bei unserem sowieso schon gro\u00dfen Wasserverbrauch&#8220;, bemerkt er. Und erst jetzt, seit es k\u00e4lter ist, habe, um im Geb\u00e4ude die Temperaturen zu halten, die Gasheizung angeworfen werden m\u00fcssen, da nun der Solarstrom nicht mehr ausreicht. Im Fr\u00fchjahr sei der Gastank gef\u00fcllt worden, doch durch die vielen Sonnenstunden wurde davon so gut wie nichts gebraucht.<\/p>\n<p>Demn\u00e4chst mache man sich daran, das Wasser im Becken 30 Zentimeter abzulassen. Den restlichen Wasserspiegel brauche man f\u00fcr die Festigkeit des Beckens. Dadurch hoffen die Verantwortlichen auf weniger Fliesensch\u00e4den.<\/p>\n<p>Auch in den Augen von Bademeister Olaf D\u00f6hring war es eine angenehme Saison. &#8222;So ist es auch f\u00fcr mich sch\u00f6ner, wie wenn ich auf sch\u00f6nes Wetter warten muss&#8220;, erg\u00e4nzt er. Au\u00dferdem sei der Sommer relativ ereignislos verlaufen, mit nur wenigen Schrammen und nur kleineren Unf\u00e4llen, fasst er zufrieden zusammen.<\/p>\n","protected":false},"excerpt":{"rendered":"<p>F\u00f6rderverein und Bademeister sind mit der Saison zufrieden \/ Verein beantragt h\u00f6here F\u00f6rderung durch Gemeinden. (Von Cornelia Liebwein, Bericht aus der Badischen Zeitung vom 8.9.2018) Bademeister Olaf D\u00f6hring (links) und der Vorsitzende des F\u00f6rdervereins, Rainer Schwinkendorf, blicken auf eine gute Saison zur\u00fcck. Foto:\u00a0Cornelia\u00a0Liebwein H\u00d6CHENSCHWAND\/H\u00c4USERN. Bis am Sonntag noch, dann schlie\u00dft das beheizte Waldfreibad H\u00f6chenschwand-H\u00e4usern f\u00fcr [&hellip;]<\/p>\n","protected":false},"author":2,"featured_media":0,"comment_status":"closed","ping_status":"closed","sticky":false,"template":"","format":"standard","meta":{"ngg_post_thumbnail":0,"footnotes":""},"categories":[11,1,30],"tags":[],"class_list":["post-1583","post","type-post","status-publish","format-standard","hentry","category-news","category-presse","category-presse-2018-presse"],"_links":{"self":[{"href":"https:\/\/www.waldfreibad.com\/index.php?rest_route=\/wp\/v2\/posts\/1583","targetHints":{"allow":["GET"]}}],"collection":[{"href":"https:\/\/www.waldfreibad.com\/index.php?rest_route=\/wp\/v2\/posts"}],"about":[{"href":"https:\/\/www.waldfreibad.com\/index.php?rest_route=\/wp\/v2\/types\/post"}],"author":[{"embeddable":true,"href":"https:\/\/www.waldfreibad.com\/index.php?rest_route=\/wp\/v2\/users\/2"}],"replies":[{"embeddable":true,"href":"https:\/\/www.waldfreibad.com\/index.php?rest_route=%2Fwp%2Fv2%2Fcomments&post=1583"}],"version-history":[{"count":1,"href":"https:\/\/www.waldfreibad.com\/index.php?rest_route=\/wp\/v2\/posts\/1583\/revisions"}],"predecessor-version":[{"id":1584,"href":"https:\/\/www.waldfreibad.com\/index.php?rest_route=\/wp\/v2\/posts\/1583\/revisions\/1584"}],"wp:attachment":[{"href":"https:\/\/www.waldfreibad.com\/index.php?rest_route=%2Fwp%2Fv2%2Fmedia&parent=1583"}],"wp:term":[{"taxonomy":"category","embeddable":true,"href":"https:\/\/www.waldfreibad.com\/index.php?rest_route=%2Fwp%2Fv2%2Fcategories&post=1583"},{"taxonomy":"post_tag","embeddable":true,"href":"https:\/\/www.waldfreibad.com\/index.php?rest_route=%2Fwp%2Fv2%2Ftags&post=1583"}],"curies":[{"name":"wp","href":"https:\/\/api.w.org\/{rel}","templated":true}]}}