{"id":1605,"date":"2019-04-24T14:44:45","date_gmt":"2019-04-24T12:44:45","guid":{"rendered":"http:\/\/www.waldfreibad.com\/?p=1605"},"modified":"2019-04-24T14:44:45","modified_gmt":"2019-04-24T12:44:45","slug":"drittbeste-saison-seit-vereinsgruendung","status":"publish","type":"post","link":"https:\/\/www.waldfreibad.com\/?p=1605","title":{"rendered":"Drittbeste Saison seit Vereinsgr\u00fcndung"},"content":{"rendered":"<p><strong>Bei ihrer Hauptversammlung blicken die &#8222;Freunde des Waldfreibades&#8220; auf gute Besucherzahlen im vergangenen Sommer zur\u00fcck. <\/strong><\/p>\n<p>(Bericht aus der Badischen Zeitung von Christiane Sahli, ver\u00f6ffentlicht am Mi, 24. April 2019)<\/p>\n<figure class=\"media-box__el-holder media-box__gallery__item--el-holder\"><img decoding=\"async\" class=\"media-box__el-holder__image\" title=\"Weiterhin gesch\u00e4tzt und gut genutzt wi...eibad, um das sich der Verein k\u00fcmmert. | Foto: Claudia Renk\" draggable=\"false\" src=\"https:\/\/ais.badische-zeitung.de\/piece\/0a\/3e\/2b\/1a\/171846426-h-720.jpg\" alt=\"Weiterhin gesch\u00e4tzt und gut genutzt wi...eibad, um das sich der Verein k\u00fcmmert. | Foto: Claudia Renk\" \/><\/figure>\n<p>Weiterhin gesch\u00e4tzt und gut genutzt wird das Waldfreibad, um das sich der Verein k\u00fcmmert. <span class=\"media-box__gallery__item--BU--autor\">Foto:\u00a0Claudia\u00a0Renk<\/span><\/p>\n<figure class=\"media-box__el-holder media-box__gallery__item--el-holder\"><img decoding=\"async\" class=\"media-box__el-holder__image\" title=\"Eva Janzen-Georgii ist die neue 2. Vorsitzenden. | Foto: Christiane Sahli\" draggable=\"false\" src=\"https:\/\/ais.badische-zeitung.de\/piece\/0a\/3e\/2b\/15\/171846421-h-720.jpg\" alt=\"Eva Janzen-Georgii ist die neue 2. Vorsitzenden. | Foto: Christiane Sahli\" \/><\/figure>\n<p>Eva Janzen-Georgii ist die neue 2. Vorsitzenden. <span class=\"media-box__gallery__item--BU--autor\">Foto:\u00a0Christiane\u00a0Sahli<\/span><\/p>\n<p>&nbsp;<\/p>\n<p><span class=\"ngSpitzmarke\">H\u00c4USERN.<\/span> Mit Eva Janzen-Georgii als neuer 2. Vorsitzenden geht der F\u00f6rderverein &#8222;Freunde des Waldfreibades&#8220; in die kommenden zwei Jahre. Neu im Vorstand ist auch Beisitzerin Petra Naylor. Die anderen Vorstandsmitglieder um den Vorsitzenden Rainer Schwinkendorf wurden in der Hauptversammlung am Dienstag im Amt best\u00e4tigt. Man blickte zudem auf die gemessen an der Zahl der Besucher drittbeste Saison seit der Gr\u00fcndung des Vereins im Jahr 2005 zur\u00fcck.<\/p>\n<p>Nur wenige \u00c4nderungen gibt es im Vorstand des F\u00f6rdervereins zu verzeichnen. Mit Eva Janzen-Georgii \u00fcbernahm eine bisherige Beisitzerin das Amt der stellvertretenden Vorsitzenden. Ihr folgt Petra Naylor im Amt der Beisitzerin nach. Bernd Fromm, der bislang als Vertreter der Gemeinde H\u00e4usern dem Vorstand angeh\u00f6rte, wurde nun, da er aus dem Gemeinderat ausscheidet, als Beisitzer gew\u00e4hlt. Im Amt best\u00e4tigt wurden der Vorsitzende Rainer Schwinkendorf, Wilfried Weisheit, einer der beiden Stellvertreter, Kassierer Fritz Kellner, Schriftf\u00fchrerin Martina Zeissler-Fromm sowie die Beisitzer Engelbert Dobler, Jutta Neisser und Georg Villinger als Vertreter des H\u00f6chenschwander Gemeinderates.<\/p>\n<p class=\"media-box__el-holder media-box__gallery__item--el-holder\">Die Saison 2018 war gemessen an der Besucherzahl von knapp 26 500 die drittbeste Saison seit der Gr\u00fcndung des Vereins. Die magische Zahl von 1000 Besuchern am Tag konnte trotz des hei\u00dfen Sommers nicht erreicht werden. Gesteigert wurde der Saisonkartenverkauf, 364 Karten, neun mehr als in 2017, wurden an Badeg\u00e4ste abgegeben. Auch im vergangenen Jahr wurde das Waldfreibad der DLRG-Ortsgruppe f\u00fcr ihr Training und Schulen der Region f\u00fcr den Sportunterricht zur kostenlos Verf\u00fcgung gestellt. Die DLRG-Ortsgruppe unterst\u00fctzte im Gegenzug Bademeister Olaf D\u00f6ring an den Wochenenden bei der Beckenaufsicht.<\/p>\n<p class=\"media-box__el-holder media-box__gallery__item--el-holder\">Auf gr\u00f6\u00dfere Investitionen wurde in 2018 verzichtet, es wurden lediglich ein Hochdruckreiniger angeschafft und der Gastank gef\u00fcllt. Angesichts der Tatsache, dass der Verein seit seiner Gr\u00fcndung vor 14 Jahren mit unver\u00e4ndert 100 000 Euro j\u00e4hrlich haushalten musste, geriet man in finanzielle Schieflage. Mit einer Soforthilfe der Gemeinden H\u00e4usern und H\u00f6chenschwand in H\u00f6he von je 7500 Euro konnte das Problem vorerst behoben werden. Inzwischen haben die beiden Gemeinden ihre j\u00e4hrliche Unterst\u00fctzung des Waldfreibades um 10 000 Euro auf 60 000 Euro erh\u00f6ht.<\/p>\n<p class=\"media-box__el-holder media-box__gallery__item--el-holder\">In die diesj\u00e4hrige Badesaison, die bis zum 9. September dauern soll, startet man am 25. Mai. Letzter Einlass in das Bad ist bei gutem Wetter um 18.30 Uhr, bei schlechtem Wetter um 17 Uhr, das Bad bleibt dann jeweils noch eine Stunde ge\u00f6ffnet. Auch in diesem Jahr steht das Bad DLRG und Schulen wieder kostenfrei zur Verf\u00fcgung.Ohne den Verein g\u00e4be es das Waldfreibad nicht mehr, stellte H\u00f6chenschwands B\u00fcrgermeister Stefan Dorfmeister fest und lobte die Zusammenarbeit in gegenseitigem Vertrauen. Sein H\u00e4userner Amtskollege Thomas Kaiser bezeichnete das Bad als einmalige Sache, deren Bedeutung im Steigen sei.<\/p>\n","protected":false},"excerpt":{"rendered":"<p>Bei ihrer Hauptversammlung blicken die &#8222;Freunde des Waldfreibades&#8220; auf gute Besucherzahlen im vergangenen Sommer zur\u00fcck. (Bericht aus der Badischen Zeitung von Christiane Sahli, ver\u00f6ffentlicht am Mi, 24. April 2019) Weiterhin gesch\u00e4tzt und gut genutzt wird das Waldfreibad, um das sich der Verein k\u00fcmmert. Foto:\u00a0Claudia\u00a0Renk Eva Janzen-Georgii ist die neue 2. Vorsitzenden. Foto:\u00a0Christiane\u00a0Sahli &nbsp; H\u00c4USERN. Mit [&hellip;]<\/p>\n","protected":false},"author":2,"featured_media":0,"comment_status":"closed","ping_status":"closed","sticky":false,"template":"","format":"standard","meta":{"ngg_post_thumbnail":0,"footnotes":""},"categories":[11,1,31],"tags":[],"class_list":["post-1605","post","type-post","status-publish","format-standard","hentry","category-news","category-presse","category-presse-2019"],"_links":{"self":[{"href":"https:\/\/www.waldfreibad.com\/index.php?rest_route=\/wp\/v2\/posts\/1605","targetHints":{"allow":["GET"]}}],"collection":[{"href":"https:\/\/www.waldfreibad.com\/index.php?rest_route=\/wp\/v2\/posts"}],"about":[{"href":"https:\/\/www.waldfreibad.com\/index.php?rest_route=\/wp\/v2\/types\/post"}],"author":[{"embeddable":true,"href":"https:\/\/www.waldfreibad.com\/index.php?rest_route=\/wp\/v2\/users\/2"}],"replies":[{"embeddable":true,"href":"https:\/\/www.waldfreibad.com\/index.php?rest_route=%2Fwp%2Fv2%2Fcomments&post=1605"}],"version-history":[{"count":3,"href":"https:\/\/www.waldfreibad.com\/index.php?rest_route=\/wp\/v2\/posts\/1605\/revisions"}],"predecessor-version":[{"id":1608,"href":"https:\/\/www.waldfreibad.com\/index.php?rest_route=\/wp\/v2\/posts\/1605\/revisions\/1608"}],"wp:attachment":[{"href":"https:\/\/www.waldfreibad.com\/index.php?rest_route=%2Fwp%2Fv2%2Fmedia&parent=1605"}],"wp:term":[{"taxonomy":"category","embeddable":true,"href":"https:\/\/www.waldfreibad.com\/index.php?rest_route=%2Fwp%2Fv2%2Fcategories&post=1605"},{"taxonomy":"post_tag","embeddable":true,"href":"https:\/\/www.waldfreibad.com\/index.php?rest_route=%2Fwp%2Fv2%2Ftags&post=1605"}],"curies":[{"name":"wp","href":"https:\/\/api.w.org\/{rel}","templated":true}]}}