{"id":1804,"date":"2022-05-27T13:31:56","date_gmt":"2022-05-27T11:31:56","guid":{"rendered":"http:\/\/www.waldfreibad.com\/?p=1804"},"modified":"2022-05-27T13:31:56","modified_gmt":"2022-05-27T11:31:56","slug":"das-waldfreibad-ist-geoeffnet","status":"publish","type":"post","link":"https:\/\/www.waldfreibad.com\/?p=1804","title":{"rendered":"Das Waldfreibad ist ge\u00f6ffnet"},"content":{"rendered":"<p>Artikel aus der Badischen Zeitung, ver\u00f6ffentlicht am 27.05.2022<\/p>\n<p style=\"text-align: center;\"><strong style=\"font-size: 1rem;\">34 Mitglieder des F\u00f6rdervereins sind beim Anschwimmen dabei \/<br \/>\n<\/strong><strong style=\"font-size: 1rem;\">Saison bis Mitte September<\/strong><img decoding=\"async\" class=\"media-box__el-holder__image\" style=\"font-size: 1rem;\" title=\"Auch die DLRG war beim Anschwimmen dabei. | Foto: Cornelia Liebwein\" src=\"https:\/\/ais.badische-zeitung.de\/piece\/0c\/b6\/7c\/ae\/213286062-h-720.jpg\" alt=\"Auch die DLRG war beim Anschwimmen dabei. | Foto: Cornelia Liebwein\"><span style=\"font-size: 1rem;\">Auch die DLRG war beim Anschwimmen dabei.&nbsp;<\/span><span class=\"media-box__gallery__item--BU--autor\" style=\"font-size: 1rem;\">Foto:&nbsp;Cornelia&nbsp;Liebwein<\/span><\/p>\n<div id=\"topsocial\" class=\"row frame-rep article__text article__social-tools box-modul__content content-slider--holder noprint\">\n<div class=\"article__social-tools__social box-modul column large__5 medium__3 small__6\">&nbsp;<\/div>\n<div class=\"article__social-tools__tools box-modul column large__7 medium__3 small__6\">\n<section class=\"row readspeakerArea readspeakerArea\">\n<div class=\"column large__12 medium__6 small__6\">\n<div class=\"box-modul box-modul__content\">\n<div class=\"media-box media-box--nob-mo\">&nbsp;<\/div>\n<\/div>\n<\/div>\n<\/section>\n<\/div>\n<\/div>\n<div class=\"article__text box-modul__content \">\n<p>Die Saison ist er\u00f6ffnet: Nachdem die Mitglieder des F\u00f6rdervereins &#8222;Freunde des Waldfreibads&#8220; bei strahlendem Sonnenschein beim Anschwimmen am Mittwoch als Erste ins Becken steigen durften, \u00f6ffnete sich das Tor am Donnerstag f\u00fcr alle Badeg\u00e4ste.<\/p>\n<div class=\"article__ad-holder\">\n<div class=\"Content_1-ad-holder\">&nbsp;<\/div>\n<\/div>\n<p>Mehr als 34 Badeg\u00e4ste nahmen das Angebot des Vereins an, am Mittwoch ab 17 Uhr ihre Runden zu schwimmen. &#8222;Etwa 250 Karten haben wir im Vorverkauf verkauft und circa 15 000 Euro eingenommen. Die kann uns keiner mehr nehmen, egal wie das Wetter wird&#8220;, sagte der Vorsitzende des F\u00f6rdervereins, Rainer Schwinkendorf. Als die Badeg\u00e4ste ins Nass sprangen, wurden sie von angenehmen 24 Grad umh\u00fcllt, die Au\u00dfentemperatur betrug 20 Grad.<\/p>\n<p>Die ersten Schwimmer der Saison stammten aus H\u00f6chenschwand, H\u00e4usern, St. Blasien, und der n\u00e4heren Umgebung. Auch eine Rettungsgruppe der DLRG-Ortsgruppe St. Blasien mit dem Vorsitzenden Martin Huber war anwesend \u2013 an diesem Abend allerdings zum Zeitvertreib. Olaf D\u00f6ring ist froh dar\u00fcber, dass die Gruppe ihn auch in dieser Saison beim Wachdienst oder als Ferienjobber vom Beckenrand aus unterst\u00fctzt. Mit eiserner Ausdauer pflegt der Bademeister regelm\u00e4\u00dfig die 650 Quadratmeter gro\u00dfe Anlage. Dem diesj\u00e4hrigen hartn\u00e4ckigen Bl\u00fctenstaub auf der Solaranlage war er mit dem Hochdruckreiniger auf den Leib ger\u00fcckt.<\/p>\n<p>Der Badebetrieb k\u00f6nne wieder ganz normal ablaufen, freute sich Olaf D\u00f6ring, lediglich im Geb\u00e4ude m\u00fcsse man weiterhin Abstand halten, Handdesinfektionsspender stehen ebenfalls bereit.<\/p>\n<div class=\"ngAbspann\"><strong>Die Kasse<\/strong>&nbsp;ist t\u00e4glich von 10 bis 18.30 Uhr ge\u00f6ffnet, das Waldfreibad schlie\u00dft um 19.30 Uhr.<\/div>\n<\/div>\n","protected":false},"excerpt":{"rendered":"<p>Artikel aus der Badischen Zeitung, ver\u00f6ffentlicht am 27.05.2022 34 Mitglieder des F\u00f6rdervereins sind beim Anschwimmen dabei \/ Saison bis Mitte SeptemberAuch die DLRG war beim Anschwimmen dabei.&nbsp;Foto:&nbsp;Cornelia&nbsp;Liebwein &nbsp; &nbsp; Die Saison ist er\u00f6ffnet: Nachdem die Mitglieder des F\u00f6rdervereins &#8222;Freunde des Waldfreibads&#8220; bei strahlendem Sonnenschein beim Anschwimmen am Mittwoch als Erste ins Becken steigen durften, \u00f6ffnete [&hellip;]<\/p>\n","protected":false},"author":2,"featured_media":0,"comment_status":"closed","ping_status":"closed","sticky":false,"template":"","format":"standard","meta":{"ngg_post_thumbnail":0,"footnotes":""},"categories":[11,1,34],"tags":[],"class_list":["post-1804","post","type-post","status-publish","format-standard","hentry","category-news","category-presse","category-presse-2022"],"_links":{"self":[{"href":"https:\/\/www.waldfreibad.com\/index.php?rest_route=\/wp\/v2\/posts\/1804","targetHints":{"allow":["GET"]}}],"collection":[{"href":"https:\/\/www.waldfreibad.com\/index.php?rest_route=\/wp\/v2\/posts"}],"about":[{"href":"https:\/\/www.waldfreibad.com\/index.php?rest_route=\/wp\/v2\/types\/post"}],"author":[{"embeddable":true,"href":"https:\/\/www.waldfreibad.com\/index.php?rest_route=\/wp\/v2\/users\/2"}],"replies":[{"embeddable":true,"href":"https:\/\/www.waldfreibad.com\/index.php?rest_route=%2Fwp%2Fv2%2Fcomments&post=1804"}],"version-history":[{"count":3,"href":"https:\/\/www.waldfreibad.com\/index.php?rest_route=\/wp\/v2\/posts\/1804\/revisions"}],"predecessor-version":[{"id":1807,"href":"https:\/\/www.waldfreibad.com\/index.php?rest_route=\/wp\/v2\/posts\/1804\/revisions\/1807"}],"wp:attachment":[{"href":"https:\/\/www.waldfreibad.com\/index.php?rest_route=%2Fwp%2Fv2%2Fmedia&parent=1804"}],"wp:term":[{"taxonomy":"category","embeddable":true,"href":"https:\/\/www.waldfreibad.com\/index.php?rest_route=%2Fwp%2Fv2%2Fcategories&post=1804"},{"taxonomy":"post_tag","embeddable":true,"href":"https:\/\/www.waldfreibad.com\/index.php?rest_route=%2Fwp%2Fv2%2Ftags&post=1804"}],"curies":[{"name":"wp","href":"https:\/\/api.w.org\/{rel}","templated":true}]}}