{"id":1897,"date":"2025-05-14T17:26:25","date_gmt":"2025-05-14T15:26:25","guid":{"rendered":"http:\/\/www.waldfreibad.com\/?p=1897"},"modified":"2025-05-14T17:26:36","modified_gmt":"2025-05-14T15:26:36","slug":"positive-bilanz-fuers-waldfreibad","status":"publish","type":"post","link":"https:\/\/www.waldfreibad.com\/?p=1897","title":{"rendered":"Positive Bilanz f\u00fcrs Waldfreibad"},"content":{"rendered":"<p>Artikel aus der Badischen Zeitung, ver\u00f6ffentlicht am 12.05.2025 von Cornelia Liebwein<\/p>\n<p><strong>Die Besucherzahlen und die Einnahmen im Waldfreibad H\u00e4usern\/H\u00f6chenschwand waren 2024 nach einer Mitteilung des F\u00f6rdervereins mehr als erfreulich. Am 29. Mai startet die neue Saison. <\/strong><\/p>\n<p><img loading=\"lazy\" decoding=\"async\" class=\"artImg artImg-as32 | mlr-auto\" title=\"Der Saisonstart im Waldfreibad steht bevor. | Foto: Cornelia Liebwein\" src=\"https:\/\/ais.badische-zeitung.de\/piece\/19\/d3\/72\/6e\/433287790-w-640.jpg\" alt=\"Der Saisonstart im Waldfreibad steht bevor. | Foto: Cornelia Liebwein\" width=\"980\" height=\"653\" aria-labelledby=\"imgLabel01\"><\/p>\n<p>&nbsp;<\/p>\n<p>Der Saisonstart im Waldfreibad steht bevor. <span class=\"fc-neutral-500\">Foto: Cornelia Liebwein<\/span><\/p>\n<p><strong>R\u00fcckblick<\/strong><\/p>\n<p>Mit 18.300 Besuchern war die zur\u00fcckliegende Saison in Anbetracht des schlechten Wetters bis Mitte Juli, ein Erfolg, hie\u00df es in der Hauptversammlung der Freunde des Waldfreibads. Auch die Einnahmen h\u00e4tten sich 2024 auf gehobenen Niveau bewegt. Die B\u00fcrgermeister Thomas Kaiser und Sebastian Stiegeler dankten dem scheidenden 1.Vorsitzenden Rainer Schwinkendorf f\u00fcr sein Engagement, lobten den Verein und sicherten auch dem neuen Vorstand weiterhin die Unterst\u00fctzung der Gemeinden zu.<\/p>\n<p>Der bestbesuchte Tag war der 20. Juli mit 868 Badeg\u00e4sten, gefolgt vom 11. August mit 820 Besuchern. Insgesamt kamen an 25 Tagen mehr als 300 Besucher ins Waldfreibad. Bei einer Saison mit 103 \u00d6ffnungstagen, davon die ersten 40 Tage mit schlechtem Wetter, sei das ein guter Wert. Mit einem neuen Durchschreitebecken aus Edelstahl und mehreren notwendigen kleineren Beschaffungen waren die Investitionen eher niedrig gehalten. Die Gemeinn\u00fctzigkeit wurde wieder durch das zur Verf\u00fcgung stellen des Bades f\u00fcr den Sportunterricht der regionalen Schulen unterstrichen.<\/p>\n<p><strong>Wahlen<\/strong><\/p>\n<p>Nachdem die Versammlung eine Satzungs\u00e4nderung beschlossen hatte, konnten die Neuwahlen durchgef\u00fchrt werden. Die Satzungs\u00e4nderung war notwendig, weil die neue Vereinsf\u00fchrung als Doppelspitze fungieren will. Der neue Vorstand sieht folgenderma\u00dfen aus: Die Doppelspitze besteht aus Oliver Rombach und Philipp Schwarz, Nicole Philipp wurde neue Schriftf\u00fchrerin, Kassiererin bleibt Eva Jenzen-Georgii, als Beisitzer wurden Wilfried Weisheit, Engelbert Dobler, Bernd Fromm, Thomas Dobler, Jutta Nei\u00dfer und Julia Rogg gew\u00e4hlt. Kassenpr\u00fcfer bleiben Monika Gr\u00fcninger und Gisela Quednau. Das neue F\u00fchrungsduo gab einen Einblick in ihre Visionen und Gedanken, wie das Waldfreibad in eine sichere Zukunft gef\u00fchrt werden k\u00f6nnte.<\/p>\n<p><strong>Ausblick<\/strong><\/p>\n<p>Das Waldfreibad \u00f6ffnet am Donnerstag, 29. Mai, um 10 Uhr. Am Mittwoch, 28. Mai, findet um 17 Uhr das Anschwimmen f\u00fcr Vereinsmitglieder statt. Die letzten Saisonkarten zum Vorverkaufspreis gibt\u2019s in der Zeit des Anschwimmens. Der Vorverkauf der Saisonkarten l\u00e4uft seit Samstag, 3. Mai. Am Samstag, 24. Mai, findet ein Arbeitseinsatz statt.<\/p>\n<p>&nbsp;<\/p>\n","protected":false},"excerpt":{"rendered":"<p>Artikel aus der Badischen Zeitung, ver\u00f6ffentlicht am 12.05.2025 von Cornelia Liebwein Die Besucherzahlen und die Einnahmen im Waldfreibad H\u00e4usern\/H\u00f6chenschwand waren 2024 nach einer Mitteilung des F\u00f6rdervereins mehr als erfreulich. Am 29. Mai startet die neue Saison. &nbsp; Der Saisonstart im Waldfreibad steht bevor. Foto: Cornelia Liebwein R\u00fcckblick Mit 18.300 Besuchern war die zur\u00fcckliegende Saison in [&hellip;]<\/p>\n","protected":false},"author":2,"featured_media":0,"comment_status":"closed","ping_status":"closed","sticky":false,"template":"","format":"standard","meta":{"ngg_post_thumbnail":0,"footnotes":""},"categories":[11,36],"tags":[],"class_list":["post-1897","post","type-post","status-publish","format-standard","hentry","category-news","category-36"],"_links":{"self":[{"href":"https:\/\/www.waldfreibad.com\/index.php?rest_route=\/wp\/v2\/posts\/1897","targetHints":{"allow":["GET"]}}],"collection":[{"href":"https:\/\/www.waldfreibad.com\/index.php?rest_route=\/wp\/v2\/posts"}],"about":[{"href":"https:\/\/www.waldfreibad.com\/index.php?rest_route=\/wp\/v2\/types\/post"}],"author":[{"embeddable":true,"href":"https:\/\/www.waldfreibad.com\/index.php?rest_route=\/wp\/v2\/users\/2"}],"replies":[{"embeddable":true,"href":"https:\/\/www.waldfreibad.com\/index.php?rest_route=%2Fwp%2Fv2%2Fcomments&post=1897"}],"version-history":[{"count":1,"href":"https:\/\/www.waldfreibad.com\/index.php?rest_route=\/wp\/v2\/posts\/1897\/revisions"}],"predecessor-version":[{"id":1898,"href":"https:\/\/www.waldfreibad.com\/index.php?rest_route=\/wp\/v2\/posts\/1897\/revisions\/1898"}],"wp:attachment":[{"href":"https:\/\/www.waldfreibad.com\/index.php?rest_route=%2Fwp%2Fv2%2Fmedia&parent=1897"}],"wp:term":[{"taxonomy":"category","embeddable":true,"href":"https:\/\/www.waldfreibad.com\/index.php?rest_route=%2Fwp%2Fv2%2Fcategories&post=1897"},{"taxonomy":"post_tag","embeddable":true,"href":"https:\/\/www.waldfreibad.com\/index.php?rest_route=%2Fwp%2Fv2%2Ftags&post=1897"}],"curies":[{"name":"wp","href":"https:\/\/api.w.org\/{rel}","templated":true}]}}