{"id":695,"date":"2013-06-21T19:23:25","date_gmt":"2013-06-21T17:23:25","guid":{"rendered":"http:\/\/www.waldfreibad.com\/?p=695"},"modified":"2015-03-01T19:23:39","modified_gmt":"2015-03-01T18:23:39","slug":"wasser-wird-abgekuehlt","status":"publish","type":"post","link":"https:\/\/www.waldfreibad.com\/?p=695","title":{"rendered":"Wasser wird abgek\u00fchlt"},"content":{"rendered":"<p>Badische Zeitung 21. Juni 2013<\/p>\n<p><strong>Bis zu 27 Grad im Waldbad.<\/strong><\/p>\n<p><span class=\"ngSpitzmarke\">H\u00c4USERN\/H\u00d6CHENSCHWAND (lib).<\/span> &#8222;Es l\u00e4uft richtig gut&#8220;, freut sich Schwimmmeister Olaf D\u00f6hring im 971 Meter hoch gelegenen Waldfreibad H\u00e4usern-H\u00f6chenschwand. Kein Wunder, denn am Montag nutzten 1050 Menschen und am Mittwoch 1160 Menschen die hei\u00dfen Tage zum Baden.<\/p>\n<p>Durch die Luft- und K\u00f6rperw\u00e4rme steigt die Temperatur des Badewassers von 25 Grad auf 27 Grad an, sodass von 1 170 000 Liter Wasser im Becken t\u00e4glich zehn Prozent ausgetauscht werden m\u00fcssen \u2013 damit das Wasser nicht zu warm wird, wie D\u00f6hring erkl\u00e4rt.<\/p>\n<div id=\"attachment_696\" style=\"width: 262px\" class=\"wp-caption alignnone\"><a href=\"https:\/\/www.waldfreibad.com\/wordpress\/wp-content\/uploads\/springer-_2013.jpg\"><img loading=\"lazy\" decoding=\"async\" aria-describedby=\"caption-attachment-696\" class=\" wp-image-696\" src=\"https:\/\/www.waldfreibad.com\/wordpress\/wp-content\/uploads\/springer-_2013-719x1024.jpg\" alt=\"Endlich Badewetter: Die Freude war nicht nur bei diesem Jungen gro\u00df. Seit Wochenbeginn kamen bis zu 1160 Besucher an einem Tag ins Waldfreibad. Foto: Cornelia Liebwein\" width=\"252\" height=\"359\" srcset=\"https:\/\/www.waldfreibad.com\/wordpress\/wp-content\/uploads\/springer-_2013.jpg 719w, https:\/\/www.waldfreibad.com\/wordpress\/wp-content\/uploads\/springer-_2013-211x300.jpg 211w, https:\/\/www.waldfreibad.com\/wordpress\/wp-content\/uploads\/springer-_2013-624x889.jpg 624w\" sizes=\"auto, (max-width: 252px) 100vw, 252px\" \/><\/a><p id=\"caption-attachment-696\" class=\"wp-caption-text\">Endlich Badewetter: Die Freude war nicht nur bei diesem Jungen gro\u00df. Seit Wochenbeginn kamen bis zu 1160 Besucher an einem Tag ins Waldfreibad. Foto: Cornelia Liebwein<\/p><\/div>\n","protected":false},"excerpt":{"rendered":"<p>Badische Zeitung 21. Juni 2013 Bis zu 27 Grad im Waldbad. H\u00c4USERN\/H\u00d6CHENSCHWAND (lib). &#8222;Es l\u00e4uft richtig gut&#8220;, freut sich Schwimmmeister Olaf D\u00f6hring im 971 Meter hoch gelegenen Waldfreibad H\u00e4usern-H\u00f6chenschwand. Kein Wunder, denn am Montag nutzten 1050 Menschen und am Mittwoch 1160 Menschen die hei\u00dfen Tage zum Baden. Durch die Luft- und K\u00f6rperw\u00e4rme steigt die Temperatur [&hellip;]<\/p>\n","protected":false},"author":1,"featured_media":0,"comment_status":"closed","ping_status":"closed","sticky":false,"template":"","format":"standard","meta":{"ngg_post_thumbnail":0,"footnotes":""},"categories":[24],"tags":[],"class_list":["post-695","post","type-post","status-publish","format-standard","hentry","category-presse-2013"],"_links":{"self":[{"href":"https:\/\/www.waldfreibad.com\/index.php?rest_route=\/wp\/v2\/posts\/695","targetHints":{"allow":["GET"]}}],"collection":[{"href":"https:\/\/www.waldfreibad.com\/index.php?rest_route=\/wp\/v2\/posts"}],"about":[{"href":"https:\/\/www.waldfreibad.com\/index.php?rest_route=\/wp\/v2\/types\/post"}],"author":[{"embeddable":true,"href":"https:\/\/www.waldfreibad.com\/index.php?rest_route=\/wp\/v2\/users\/1"}],"replies":[{"embeddable":true,"href":"https:\/\/www.waldfreibad.com\/index.php?rest_route=%2Fwp%2Fv2%2Fcomments&post=695"}],"version-history":[{"count":1,"href":"https:\/\/www.waldfreibad.com\/index.php?rest_route=\/wp\/v2\/posts\/695\/revisions"}],"predecessor-version":[{"id":697,"href":"https:\/\/www.waldfreibad.com\/index.php?rest_route=\/wp\/v2\/posts\/695\/revisions\/697"}],"wp:attachment":[{"href":"https:\/\/www.waldfreibad.com\/index.php?rest_route=%2Fwp%2Fv2%2Fmedia&parent=695"}],"wp:term":[{"taxonomy":"category","embeddable":true,"href":"https:\/\/www.waldfreibad.com\/index.php?rest_route=%2Fwp%2Fv2%2Fcategories&post=695"},{"taxonomy":"post_tag","embeddable":true,"href":"https:\/\/www.waldfreibad.com\/index.php?rest_route=%2Fwp%2Fv2%2Ftags&post=695"}],"curies":[{"name":"wp","href":"https:\/\/api.w.org\/{rel}","templated":true}]}}