{"id":761,"date":"2014-05-16T19:45:29","date_gmt":"2014-05-16T17:45:29","guid":{"rendered":"http:\/\/www.waldfreibad.com\/?p=761"},"modified":"2015-03-02T19:47:07","modified_gmt":"2015-03-02T18:47:07","slug":"badtechnik-wird-ueberholt","status":"publish","type":"post","link":"https:\/\/www.waldfreibad.com\/?p=761","title":{"rendered":"Badtechnik wird \u00fcberholt"},"content":{"rendered":"<p>Badische Zeitung: 16. Mai 2014<\/p>\n<p class=\"vorwort\">Im Waldfreibad m\u00fcssen die Ehrenamtlichen viele Arbeiten vor dem Saisonstart erledigen.<\/p>\n<p class=\"vorwort\"><span class=\"ngspitzmarke\">H\u00c4USERN.<\/span> Bis es wieder vergn\u00fcgtes Kinderlachen, platschendes Wasser und das regelnde Ger\u00e4usch der Trillerpfeife zu h\u00f6ren gibt, ist noch viel zu tun: Bis zum Beginn der Badesaison am 28. Mai bereiten der Schwimmmeister Olaf D\u00f6ring sowie Rainer Schwinkendorf, Vorsitzender des F\u00f6rdervereins Waldfreibad, und weitere t\u00fcchtige Freiwillige das Waldfreibad auf die Bademonate vor.<\/p>\n<p>&#8222;Beim Arbeitsdienst am Samstag hoffen wir auf m\u00f6glichst viele Helfer&#8220;, sagt Rainer Schwinkendorf.<\/p>\n<p>Olaf D\u00f6ring f\u00fchrt aufmerksam ein R\u00fcttelger\u00e4t, das aufgesch\u00fcttetes Material auf dem Weg zur Kl\u00e4ranlage befestigt.<\/p>\n<p>&#8222;Wir lassen die Zufahrt von einer Firma befestigen, damit der Lastwagen, der runterf\u00e4hrt, um die Substanz abzupumpen und zu entsorgen, nicht wegrutschen kann&#8220;, erkl\u00e4rt Schwinkendorf.<\/p>\n<p>Nach dem Reinigen der Becken vom Schmutz des Winters werde das Sportbecken mit Wasser gef\u00fcllt, sagt Olaf D\u00f6ring. Zuvor habe man die Pumpen gewartet, die f\u00fcr die Umw\u00e4lzung des Wassers sorgen, und neue Filterstr\u00fcmpfe \u00fcber die Filterkerzen gezogen. &#8222;Von 110 Filterkerzen, die in jedem der drei Filterkessel stecken, waren 89 Filterstr\u00fcmpfe defekt&#8220;, erkl\u00e4rt er. Nach den Bodenpumpen w\u00fcrden jetzt die Schwallwasserpumpen angestellt und die Chlorgaswerte \u00fcberpr\u00fcft werden. Danach k\u00f6nne mit dem Chlorbetrieb begonnen werden.<\/p>\n<p class=\"vorwort\">&#8222;Vor einiger Zeit habe ich die \u00dcberlaufrinne rundum &#8211; etwa 150 Meter &#8211; und die Durchschreitebecken mit Kautschukfarbe neu gestrichen, sowie die Startbl\u00f6cke wieder rutschfest gemacht&#8220;, erkl\u00e4rt D\u00f6ring. Im gro\u00dfen Becken w\u00e4ren etwa 200 Fliesen von Winfried Weisheit ausgewechselt worden.<\/p>\n<p>Pers\u00f6nlich habe sich Schwimmmeister Olaf D\u00f6ring auf die bald beginnende Badesaison mit einem weiteren Erste Hilfe- und Rettungsschwimmerkurs auf die Badesaison vorbereitet und an einer Einweisung im Umgang mit Chemikalien teilgenommen. W\u00e4hrend er spricht, kreist ein Milan \u00fcber die Anlage. Der erinnere ihn an eine Taube, die einst den Schwimmerinnen auf die Badehaube gesessen sei, erz\u00e4hlt er schmunzelnd.<\/p>\n<div id=\"attachment_762\" style=\"width: 442px\" class=\"wp-caption alignnone\"><a href=\"https:\/\/www.waldfreibad.com\/wordpress\/wp-content\/uploads\/Strumpftausch_2014.jpg\"><img loading=\"lazy\" decoding=\"async\" aria-describedby=\"caption-attachment-762\" class=\" wp-image-762\" src=\"https:\/\/www.waldfreibad.com\/wordpress\/wp-content\/uploads\/Strumpftausch_2014-300x219.jpg\" alt=\"Olaf D\u00f6ring (links) und Rainer Schwinkendorf mussten einige Filterstr\u00fcmpfe auswechseln. Foto: Cornelia Liebwein\" width=\"432\" height=\"315\" srcset=\"https:\/\/www.waldfreibad.com\/wordpress\/wp-content\/uploads\/Strumpftausch_2014-300x219.jpg 300w, https:\/\/www.waldfreibad.com\/wordpress\/wp-content\/uploads\/Strumpftausch_2014.jpg 1024w, https:\/\/www.waldfreibad.com\/wordpress\/wp-content\/uploads\/Strumpftausch_2014-624x455.jpg 624w\" sizes=\"auto, (max-width: 432px) 100vw, 432px\" \/><\/a><p id=\"caption-attachment-762\" class=\"wp-caption-text\">Olaf D\u00f6ring (links) und Rainer Schwinkendorf mussten einige Filterstr\u00fcmpfe auswechseln. Foto: Cornelia Liebwein<\/p><\/div>\n","protected":false},"excerpt":{"rendered":"<p>Badische Zeitung: 16. Mai 2014 Im Waldfreibad m\u00fcssen die Ehrenamtlichen viele Arbeiten vor dem Saisonstart erledigen. H\u00c4USERN. Bis es wieder vergn\u00fcgtes Kinderlachen, platschendes Wasser und das regelnde Ger\u00e4usch der Trillerpfeife zu h\u00f6ren gibt, ist noch viel zu tun: Bis zum Beginn der Badesaison am 28. Mai bereiten der Schwimmmeister Olaf D\u00f6ring sowie Rainer Schwinkendorf, Vorsitzender [&hellip;]<\/p>\n","protected":false},"author":1,"featured_media":0,"comment_status":"closed","ping_status":"closed","sticky":false,"template":"","format":"standard","meta":{"ngg_post_thumbnail":0,"footnotes":""},"categories":[25],"tags":[],"class_list":["post-761","post","type-post","status-publish","format-standard","hentry","category-presse-2014"],"_links":{"self":[{"href":"https:\/\/www.waldfreibad.com\/index.php?rest_route=\/wp\/v2\/posts\/761","targetHints":{"allow":["GET"]}}],"collection":[{"href":"https:\/\/www.waldfreibad.com\/index.php?rest_route=\/wp\/v2\/posts"}],"about":[{"href":"https:\/\/www.waldfreibad.com\/index.php?rest_route=\/wp\/v2\/types\/post"}],"author":[{"embeddable":true,"href":"https:\/\/www.waldfreibad.com\/index.php?rest_route=\/wp\/v2\/users\/1"}],"replies":[{"embeddable":true,"href":"https:\/\/www.waldfreibad.com\/index.php?rest_route=%2Fwp%2Fv2%2Fcomments&post=761"}],"version-history":[{"count":2,"href":"https:\/\/www.waldfreibad.com\/index.php?rest_route=\/wp\/v2\/posts\/761\/revisions"}],"predecessor-version":[{"id":764,"href":"https:\/\/www.waldfreibad.com\/index.php?rest_route=\/wp\/v2\/posts\/761\/revisions\/764"}],"wp:attachment":[{"href":"https:\/\/www.waldfreibad.com\/index.php?rest_route=%2Fwp%2Fv2%2Fmedia&parent=761"}],"wp:term":[{"taxonomy":"category","embeddable":true,"href":"https:\/\/www.waldfreibad.com\/index.php?rest_route=%2Fwp%2Fv2%2Fcategories&post=761"},{"taxonomy":"post_tag","embeddable":true,"href":"https:\/\/www.waldfreibad.com\/index.php?rest_route=%2Fwp%2Fv2%2Ftags&post=761"}],"curies":[{"name":"wp","href":"https:\/\/api.w.org\/{rel}","templated":true}]}}