{"id":778,"date":"2012-04-23T19:56:34","date_gmt":"2012-04-23T17:56:34","guid":{"rendered":"http:\/\/www.waldfreibad.com\/?p=778"},"modified":"2015-03-02T20:08:34","modified_gmt":"2015-03-02T19:08:34","slug":"eintrittspreise-fuer-waldfreibad-werden-erhoeht","status":"publish","type":"post","link":"https:\/\/www.waldfreibad.com\/?p=778","title":{"rendered":"Eintrittspreise f\u00fcr Waldfreibad werden erh\u00f6ht"},"content":{"rendered":"<p>Badische Zeitung 23. April 2012<\/p>\n<p><strong>Der F\u00f6rderverein reagiert auf h\u00f6here Personal- und Energiekosten \/ 2011 kamen die meisten Besucher seit der Vereinsgr\u00fcndung.<\/strong><\/p>\n<p>H\u00f6CHENSCHWAND. Eine positive Bilanz zogen die Freunde des Waldfreibades bei ihrer Hauptversammlung am Donnerstag im Restaurant &#8222;Da Vinci&#8220;. Die Saison 2012 wird mit dem Anschwimmen am 16. Mai er\u00f6ffnet. Sie wird bis zum 9. September dauern.<\/p>\n<p>In seinem Bericht informierte Vorsitzender Rainer Schwinkendorf, dass der stellvertretende Vorsitzende Hans-J\u00f6rg Bethge aus pers\u00f6nlichen Gr\u00fcnden um eine Freistellung von seinem Amt gebeten habe. Er bedankte sich f\u00fcr dessen Mitarbeit in den vergangenen sieben Jahren mit einem Pr\u00e4sent.<\/p>\n<p>Mit mehr als 25 000 Besuchern sei die Saison 2011 von der Besucherzahl her der beste Sommer seit der Gr\u00fcndung des F\u00f6rdervereins gewesen, so der Vorsitzende in seinem R\u00fcckblick.<\/p>\n<p>Bei genauerer Betrachtung stelle man aber fest, dass das Sommerwetter bis auf den Zeitraum vom 17. bis 26. August \u2013 hier wurden 8500 G\u00e4ste gez\u00e4hlt\u2013 recht lausig gewesen sei. In den \u00fcbrigen Monaten sei das Bad deshalb nur an wenigen Tagen gut besucht gewesen. Rekordtag war der 21. August mit 1800 Besuchern.<\/p>\n<p>Verein investiert viel mit Hilfe von Helfern und Sponsoren<\/p>\n<p>Auch im Jahr 2011 habe der F\u00f6rderverein in die Anlage investiert. So wurde eine Holder-Arbeitsmaschine angeschafft, ein neues Br\u00fcckengel\u00e4nder montiert, s\u00e4urefeste \u00d6lauffangwannen und ein neuer Kieselgurbeh\u00e4lter im Keller eingebaut. In diesem Zusammenhang bedankte sich Schwinkendorf f\u00fcr die vielf\u00e4ltige Unterst\u00fctzung bei den \u00f6rtlichen Firmen, den beiden Gemeinden H\u00f6chenschwand und H\u00e4usern und den vielen ehrenamtlichen Helfern des Vereines.<\/p>\n<p>Im Zusammenhang mit der weiteren Gew\u00e4hrung der Zusch\u00fcsse von je 50 000 Euro durch die beiden Gemeinden w\u00fcnschte sich Kassier Fritz Kellner eine l\u00e4ngerfristige Regelung, damit der F\u00f6rderverein bei der Finanzierung \u00fcber Leasingvertr\u00e4ge eine gewisse Vertragssicherheit habe. Die beiden anwesenden Vertreter der Gemeinden wollten diesen Wunsch den B\u00fcrgermeistern vortragen.<\/p>\n<p>Der Saisonkartenverkauf habe sich gegen\u00fcber dem Vorjahr auf 343 Karten leicht verbesserst, so Schwinkendorf. Auch in diesem Jahr werde der F\u00f6rderverein wieder Saison- und Familienkarten im Vorverkauf anbieten. Auf Grund der gestiegenen Energiekosten und der Tarifabschl\u00fcsse im \u00f6ffentlichen Dienst seien die Preise aber moderat erh\u00f6ht worden.<\/p>\n","protected":false},"excerpt":{"rendered":"<p>Badische Zeitung 23. April 2012 Der F\u00f6rderverein reagiert auf h\u00f6here Personal- und Energiekosten \/ 2011 kamen die meisten Besucher seit der Vereinsgr\u00fcndung. H\u00f6CHENSCHWAND. Eine positive Bilanz zogen die Freunde des Waldfreibades bei ihrer Hauptversammlung am Donnerstag im Restaurant &#8222;Da Vinci&#8220;. Die Saison 2012 wird mit dem Anschwimmen am 16. Mai er\u00f6ffnet. Sie wird bis zum [&hellip;]<\/p>\n","protected":false},"author":1,"featured_media":0,"comment_status":"closed","ping_status":"closed","sticky":false,"template":"","format":"standard","meta":{"ngg_post_thumbnail":0,"footnotes":""},"categories":[23],"tags":[],"class_list":["post-778","post","type-post","status-publish","format-standard","hentry","category-presse-2012"],"_links":{"self":[{"href":"https:\/\/www.waldfreibad.com\/index.php?rest_route=\/wp\/v2\/posts\/778","targetHints":{"allow":["GET"]}}],"collection":[{"href":"https:\/\/www.waldfreibad.com\/index.php?rest_route=\/wp\/v2\/posts"}],"about":[{"href":"https:\/\/www.waldfreibad.com\/index.php?rest_route=\/wp\/v2\/types\/post"}],"author":[{"embeddable":true,"href":"https:\/\/www.waldfreibad.com\/index.php?rest_route=\/wp\/v2\/users\/1"}],"replies":[{"embeddable":true,"href":"https:\/\/www.waldfreibad.com\/index.php?rest_route=%2Fwp%2Fv2%2Fcomments&post=778"}],"version-history":[{"count":2,"href":"https:\/\/www.waldfreibad.com\/index.php?rest_route=\/wp\/v2\/posts\/778\/revisions"}],"predecessor-version":[{"id":794,"href":"https:\/\/www.waldfreibad.com\/index.php?rest_route=\/wp\/v2\/posts\/778\/revisions\/794"}],"wp:attachment":[{"href":"https:\/\/www.waldfreibad.com\/index.php?rest_route=%2Fwp%2Fv2%2Fmedia&parent=778"}],"wp:term":[{"taxonomy":"category","embeddable":true,"href":"https:\/\/www.waldfreibad.com\/index.php?rest_route=%2Fwp%2Fv2%2Fcategories&post=778"},{"taxonomy":"post_tag","embeddable":true,"href":"https:\/\/www.waldfreibad.com\/index.php?rest_route=%2Fwp%2Fv2%2Ftags&post=778"}],"curies":[{"name":"wp","href":"https:\/\/api.w.org\/{rel}","templated":true}]}}