{"id":781,"date":"2013-04-20T19:59:09","date_gmt":"2013-04-20T17:59:09","guid":{"rendered":"http:\/\/www.waldfreibad.com\/?p=781"},"modified":"2015-03-02T20:16:15","modified_gmt":"2015-03-02T19:16:15","slug":"2012-war-das-erfolgreichste-jahr","status":"publish","type":"post","link":"https:\/\/www.waldfreibad.com\/?p=781","title":{"rendered":"2012 war das erfolgreichste Jahr"},"content":{"rendered":"<p>Badische Zeitung 20. April 2013<\/p>\n<p><strong>F\u00f6rderverein &#8222;Freunde des Waldfreibades&#8220; muss in diesem Jahr viel Geld investieren.<\/strong><\/p>\n<p>H\u00c4USERN. Umgeben von Wald liegt das beliebte Waldfreibad noch im Dornr\u00f6schenschlaf, die Gruppe des F\u00f6rdervereins &#8222;Freunde des Waldfreibades&#8220; und Bademeister Olaf D\u00f6hring sind jedoch schon l\u00e4ngst wieder flei\u00dfig. &#8222;Denn&#8220;, so Vorsitzender Rainer Schwinkendorf am Donnerstag in der Hauptversammlung im &#8222;Schwalbennest&#8220;, &#8222;das Bad ist f\u00fcr den Tourismus, die B\u00fcrger und dadurch auch die Gemeinden der Raumschaft St. Blasien wichtig.&#8220;<\/p>\n<p>Allein mehr als 600 Sch\u00fcler aus den Schulen der Umgebung hatten 2012 dort bei freiem Eintritt Sportunterricht, sagte Schwinkendorf. Mit 25 200 Besuchern sei der vergangene Sommer der beste seit der Vereinsgr\u00fcndung im Jahr 2005 gewesen, obwohl an nur acht Tagen im August die einzig l\u00e4nger anhaltende Sch\u00f6nwetterperiode der Saison gewesen sei. An diesen Tagen kamen rund 6800 G\u00e4ste.<\/p>\n<p>Mit 320 verkauften Saisonkarten lag der Verein im Vorjahr leicht unter dem Durchschnitt der bisherigen Jahre, zufrieden sei man aber mit dem Verkauf von 153 Familienkarten, 110 Erwachsenenkarten und 57 Jugendkarten, sagte Schwinkendorf.<\/p>\n<p>Die Waldbadsaison beginnt am 18. Mai und endet am 8. September, der Kartenvorverkauf soll von Samstag, 4. Mai bis Freitag, 17. Mai, dauern.<\/p>\n<p>&#8222;Dem Verein war es wieder m\u00f6glich, neben den laufenden Kosten die Ausstattung des Waldfreibades durch Neuinvestitionen zu verbessern&#8220;, sagte Schwinkendorf. Unter anderem wurde f\u00fcr 1600 Euro nach Ablauf des Leasingvertrages der Beckensauger gekauft und ein Filterreinigungsger\u00e4t f\u00fcr 1800 Euro angeschafft. Au\u00dferdem kaufte der Verein ein Dampfreinigungsger\u00e4t, eine Motors\u00e4ge mit Teleskopstiel, als Ersatz f\u00fcr die defekte Ente f\u00fcr Kleinkinder ein kleines Boot (Nichtschwimmerbereich) und f\u00fcr die Goldfische ein 450 Liter-Aquarium. In diesem Jahr stehe der Kauf einer neuen Abdeckplane an (wir berichteten).<\/p>\n<p>&#8222;Der Verein besteht aus 272 Mitgliedern&#8220;, informierte Schriftf\u00fchrerin Martina Zeissler-Fromm. Zum f\u00fcnften Mal war am 30. Juni das Sommernachtsschwimmen, wobei rund 100 G\u00e4ste das beleuchtete Bad genossen und auch das Beachvolleyballturnier sei ein Erfolg gewesen.<\/p>\n<p>Kassierer Fritz Kellner erl\u00e4uterte in seinem Bericht: &#8222;Da die Bezuschussung mit jeweils 50 000 Euro durch die Gemeinden H\u00f6chenschwand und H\u00e4usern 2012 auslief, habe man Mitte des letzten Jahres die Verl\u00e4ngerung bei den Gemeinden beantragt und diese f\u00fcr vier Jahre zugesichert bekommen&#8220;.<\/p>\n<p>Bei den Wahlen wurden die wiederantretenden Vorstandsmitglieder best\u00e4tigt. Neu im gesch\u00e4ftsf\u00fchrenden Vorstand als stellvertretender Vorsitzender ist Wilfried Weisheit und f\u00fcr die Beisitzerin Bettina Keller r\u00fcckte Maike Jung nach.<\/p>\n<p><a href=\"https:\/\/www.waldfreibad.com\/wordpress\/wp-content\/uploads\/GV_2013.jpg\"><img loading=\"lazy\" decoding=\"async\" class=\"alignnone  wp-image-797\" src=\"https:\/\/www.waldfreibad.com\/wordpress\/wp-content\/uploads\/GV_2013-300x116.jpg\" alt=\"GV_2013\" width=\"453\" height=\"175\" srcset=\"https:\/\/www.waldfreibad.com\/wordpress\/wp-content\/uploads\/GV_2013-300x116.jpg 300w, https:\/\/www.waldfreibad.com\/wordpress\/wp-content\/uploads\/GV_2013.jpg 1024w, https:\/\/www.waldfreibad.com\/wordpress\/wp-content\/uploads\/GV_2013-624x241.jpg 624w\" sizes=\"auto, (max-width: 453px) 100vw, 453px\" \/><\/a><\/p>\n","protected":false},"excerpt":{"rendered":"<p>Badische Zeitung 20. April 2013 F\u00f6rderverein &#8222;Freunde des Waldfreibades&#8220; muss in diesem Jahr viel Geld investieren. H\u00c4USERN. Umgeben von Wald liegt das beliebte Waldfreibad noch im Dornr\u00f6schenschlaf, die Gruppe des F\u00f6rdervereins &#8222;Freunde des Waldfreibades&#8220; und Bademeister Olaf D\u00f6hring sind jedoch schon l\u00e4ngst wieder flei\u00dfig. &#8222;Denn&#8220;, so Vorsitzender Rainer Schwinkendorf am Donnerstag in der Hauptversammlung im [&hellip;]<\/p>\n","protected":false},"author":1,"featured_media":0,"comment_status":"closed","ping_status":"closed","sticky":false,"template":"","format":"standard","meta":{"ngg_post_thumbnail":0,"footnotes":""},"categories":[24],"tags":[],"class_list":["post-781","post","type-post","status-publish","format-standard","hentry","category-presse-2013"],"_links":{"self":[{"href":"https:\/\/www.waldfreibad.com\/index.php?rest_route=\/wp\/v2\/posts\/781","targetHints":{"allow":["GET"]}}],"collection":[{"href":"https:\/\/www.waldfreibad.com\/index.php?rest_route=\/wp\/v2\/posts"}],"about":[{"href":"https:\/\/www.waldfreibad.com\/index.php?rest_route=\/wp\/v2\/types\/post"}],"author":[{"embeddable":true,"href":"https:\/\/www.waldfreibad.com\/index.php?rest_route=\/wp\/v2\/users\/1"}],"replies":[{"embeddable":true,"href":"https:\/\/www.waldfreibad.com\/index.php?rest_route=%2Fwp%2Fv2%2Fcomments&post=781"}],"version-history":[{"count":4,"href":"https:\/\/www.waldfreibad.com\/index.php?rest_route=\/wp\/v2\/posts\/781\/revisions"}],"predecessor-version":[{"id":798,"href":"https:\/\/www.waldfreibad.com\/index.php?rest_route=\/wp\/v2\/posts\/781\/revisions\/798"}],"wp:attachment":[{"href":"https:\/\/www.waldfreibad.com\/index.php?rest_route=%2Fwp%2Fv2%2Fmedia&parent=781"}],"wp:term":[{"taxonomy":"category","embeddable":true,"href":"https:\/\/www.waldfreibad.com\/index.php?rest_route=%2Fwp%2Fv2%2Fcategories&post=781"},{"taxonomy":"post_tag","embeddable":true,"href":"https:\/\/www.waldfreibad.com\/index.php?rest_route=%2Fwp%2Fv2%2Ftags&post=781"}],"curies":[{"name":"wp","href":"https:\/\/api.w.org\/{rel}","templated":true}]}}