{"id":786,"date":"2014-06-03T20:02:04","date_gmt":"2014-06-03T18:02:04","guid":{"rendered":"http:\/\/www.waldfreibad.com\/?p=786"},"modified":"2015-03-02T20:03:13","modified_gmt":"2015-03-02T19:03:13","slug":"anschwimmen-im-waldfreibad-2","status":"publish","type":"post","link":"https:\/\/www.waldfreibad.com\/?p=786","title":{"rendered":"Anschwimmen im Waldfreibad"},"content":{"rendered":"<p>S\u00fcdkurier 03. Juni 2014<\/p>\n<p>Die neue Badesaison auf dem H\u00f6chenschwanderberg ist er\u00f6ffnet. Rund 20 Mitglieder des F\u00f6rdervereines Waldschwimmbad H\u00f6chenschwand\/H\u00e4usern freuten sich beim traditionellen Anschwimmen \u00fcber das 23 Grad warme Wasser des Schwimmbeckens, denn die Au\u00dfentemperaturen waren von sommerlicher Hitze weit entfernt.<\/p>\n<p>In den n\u00e4chsten Tagen soll es zwar w\u00e4rmer werden, aber ein grundlegender Wetterumschwung ist noch nicht in Sicht. Der Vorsitzende des F\u00f6rdervereines Waldfreibad Rainer Schwinkendorf l\u00e4dt trotzdem zum Besuch des Bades ein. Dank der Heizung sei zumindest die Wassertemperatur immer angenehm warm, so dessen Versprechen. Unser Foto zeigt einige Mitglieder des F\u00f6rdervereines beim Anschwimmen.<\/p>\n<p><a href=\"https:\/\/www.waldfreibad.com\/wordpress\/wp-content\/uploads\/anschwimm_2014.jpg\"><img loading=\"lazy\" decoding=\"async\" class=\"alignnone  wp-image-787\" src=\"https:\/\/www.waldfreibad.com\/wordpress\/wp-content\/uploads\/anschwimm_2014-300x136.jpg\" alt=\"anschwimm_2014\" width=\"406\" height=\"184\" srcset=\"https:\/\/www.waldfreibad.com\/wordpress\/wp-content\/uploads\/anschwimm_2014-300x136.jpg 300w, https:\/\/www.waldfreibad.com\/wordpress\/wp-content\/uploads\/anschwimm_2014-624x283.jpg 624w, https:\/\/www.waldfreibad.com\/wordpress\/wp-content\/uploads\/anschwimm_2014.jpg 700w\" sizes=\"auto, (max-width: 406px) 100vw, 406px\" \/><\/a><\/p>\n","protected":false},"excerpt":{"rendered":"<p>S\u00fcdkurier 03. Juni 2014 Die neue Badesaison auf dem H\u00f6chenschwanderberg ist er\u00f6ffnet. Rund 20 Mitglieder des F\u00f6rdervereines Waldschwimmbad H\u00f6chenschwand\/H\u00e4usern freuten sich beim traditionellen Anschwimmen \u00fcber das 23 Grad warme Wasser des Schwimmbeckens, denn die Au\u00dfentemperaturen waren von sommerlicher Hitze weit entfernt. In den n\u00e4chsten Tagen soll es zwar w\u00e4rmer werden, aber ein grundlegender Wetterumschwung ist [&hellip;]<\/p>\n","protected":false},"author":1,"featured_media":0,"comment_status":"closed","ping_status":"closed","sticky":false,"template":"","format":"standard","meta":{"ngg_post_thumbnail":0,"footnotes":""},"categories":[25],"tags":[],"class_list":["post-786","post","type-post","status-publish","format-standard","hentry","category-presse-2014"],"_links":{"self":[{"href":"https:\/\/www.waldfreibad.com\/index.php?rest_route=\/wp\/v2\/posts\/786","targetHints":{"allow":["GET"]}}],"collection":[{"href":"https:\/\/www.waldfreibad.com\/index.php?rest_route=\/wp\/v2\/posts"}],"about":[{"href":"https:\/\/www.waldfreibad.com\/index.php?rest_route=\/wp\/v2\/types\/post"}],"author":[{"embeddable":true,"href":"https:\/\/www.waldfreibad.com\/index.php?rest_route=\/wp\/v2\/users\/1"}],"replies":[{"embeddable":true,"href":"https:\/\/www.waldfreibad.com\/index.php?rest_route=%2Fwp%2Fv2%2Fcomments&post=786"}],"version-history":[{"count":1,"href":"https:\/\/www.waldfreibad.com\/index.php?rest_route=\/wp\/v2\/posts\/786\/revisions"}],"predecessor-version":[{"id":788,"href":"https:\/\/www.waldfreibad.com\/index.php?rest_route=\/wp\/v2\/posts\/786\/revisions\/788"}],"wp:attachment":[{"href":"https:\/\/www.waldfreibad.com\/index.php?rest_route=%2Fwp%2Fv2%2Fmedia&parent=786"}],"wp:term":[{"taxonomy":"category","embeddable":true,"href":"https:\/\/www.waldfreibad.com\/index.php?rest_route=%2Fwp%2Fv2%2Fcategories&post=786"},{"taxonomy":"post_tag","embeddable":true,"href":"https:\/\/www.waldfreibad.com\/index.php?rest_route=%2Fwp%2Fv2%2Ftags&post=786"}],"curies":[{"name":"wp","href":"https:\/\/api.w.org\/{rel}","templated":true}]}}