{"id":821,"date":"2015-03-05T18:51:14","date_gmt":"2015-03-05T17:51:14","guid":{"rendered":"http:\/\/www.waldfreibad.com\/?p=821"},"modified":"2015-05-02T17:43:17","modified_gmt":"2015-05-02T15:43:17","slug":"einladung-zur-generalversammlung-2015","status":"publish","type":"post","link":"https:\/\/www.waldfreibad.com\/?p=821","title":{"rendered":"Einladung zur Generalversammlung 2015"},"content":{"rendered":"<p class=\"s2\"><span class=\"s5\">Liebe Mitglieder, Freunde und G\u00f6nner,<\/span><\/p>\n<p class=\"s2\"><span class=\"s5\">wir laden<\/span><span class=\"s5\">\u00a0Sie herzlich ein zu unserer diesj\u00e4hrigen Generalversammlung, die am<\/span><\/p>\n<p class=\"s9\"><strong><span class=\"s8\">Donner<\/span><span class=\"s8\">stag, den<\/span><span class=\"s8\">\u00a01<\/span><span class=\"s8\">6<\/span><span class=\"s8\">. April 201<\/span><span class=\"s8\">5<\/span><span class=\"s8\">, um 19:00 Uhr<br \/>\n<\/span><span class=\"s8\">im\u00a0<\/span><span class=\"s8\">Hotel\u00a0<\/span><span class=\"s8\">Albtalblick<\/span><span class=\"s8\">\u00a0in H\u00e4usern<\/span><\/strong><\/p>\n<p class=\"s2\">stattfindet.<\/p>\n<p class=\"s2\">Tagesordnung:<\/p>\n<ol>\n<li class=\"s11\"><span class=\"s5\">Begr\u00fc\u00dfung durch den 1. Vorsitzenden<\/span><\/li>\n<li class=\"s11\"><span class=\"s5\">Totenehrung<\/span><\/li>\n<li class=\"s11\"><span class=\"s5\">Bericht des 1. Vorsitzenden<\/span><\/li>\n<li class=\"s11\"><span class=\"s5\">Bericht des Schriftf\u00fchrers<\/span><\/li>\n<li class=\"s11\"><span class=\"s5\">Bericht des Kassierers<\/span><\/li>\n<li class=\"s11\"><span class=\"s5\">Bericht der Kassenrevisoren<\/span><\/li>\n<li class=\"s11\"><span class=\"s5\">Entlastung der Vorstandschaft<\/span><\/li>\n<li class=\"s11\"><span class=\"s5\">Wahlen<\/span><\/li>\n<li class=\"s11\"><span class=\"s5\">Ausblick auf das Jahr 201<\/span><span class=\"s5\">5<\/span><\/li>\n<li class=\"s11\"><span class=\"s5\">W\u00fcnsche und Antr\u00e4ge.<\/span><\/li>\n<\/ol>\n<p class=\"s12\">Mit herzlichen Gr\u00fc\u00dfen<\/p>\n<p class=\"s12\">Freunde des Waldfreibades e. V.<\/p>\n<p class=\"s12\">gez. Rainer Schwinkendorf<br \/>\n1.Vorsitzender<\/p>\n","protected":false},"excerpt":{"rendered":"<p>Liebe Mitglieder, Freunde und G\u00f6nner, wir laden\u00a0Sie herzlich ein zu unserer diesj\u00e4hrigen Generalversammlung, die am Donnerstag, den\u00a016. April 2015, um 19:00 Uhr im\u00a0Hotel\u00a0Albtalblick\u00a0in H\u00e4usern stattfindet. Tagesordnung: Begr\u00fc\u00dfung durch den 1. Vorsitzenden Totenehrung Bericht des 1. Vorsitzenden Bericht des Schriftf\u00fchrers Bericht des Kassierers Bericht der Kassenrevisoren Entlastung der Vorstandschaft Wahlen Ausblick auf das Jahr 2015 W\u00fcnsche [&hellip;]<\/p>\n","protected":false},"author":1,"featured_media":0,"comment_status":"closed","ping_status":"closed","sticky":false,"template":"","format":"standard","meta":{"ngg_post_thumbnail":0,"footnotes":""},"categories":[22],"tags":[],"class_list":["post-821","post","type-post","status-publish","format-standard","hentry","category-verein"],"_links":{"self":[{"href":"https:\/\/www.waldfreibad.com\/index.php?rest_route=\/wp\/v2\/posts\/821","targetHints":{"allow":["GET"]}}],"collection":[{"href":"https:\/\/www.waldfreibad.com\/index.php?rest_route=\/wp\/v2\/posts"}],"about":[{"href":"https:\/\/www.waldfreibad.com\/index.php?rest_route=\/wp\/v2\/types\/post"}],"author":[{"embeddable":true,"href":"https:\/\/www.waldfreibad.com\/index.php?rest_route=\/wp\/v2\/users\/1"}],"replies":[{"embeddable":true,"href":"https:\/\/www.waldfreibad.com\/index.php?rest_route=%2Fwp%2Fv2%2Fcomments&post=821"}],"version-history":[{"count":2,"href":"https:\/\/www.waldfreibad.com\/index.php?rest_route=\/wp\/v2\/posts\/821\/revisions"}],"predecessor-version":[{"id":830,"href":"https:\/\/www.waldfreibad.com\/index.php?rest_route=\/wp\/v2\/posts\/821\/revisions\/830"}],"wp:attachment":[{"href":"https:\/\/www.waldfreibad.com\/index.php?rest_route=%2Fwp%2Fv2%2Fmedia&parent=821"}],"wp:term":[{"taxonomy":"category","embeddable":true,"href":"https:\/\/www.waldfreibad.com\/index.php?rest_route=%2Fwp%2Fv2%2Fcategories&post=821"},{"taxonomy":"post_tag","embeddable":true,"href":"https:\/\/www.waldfreibad.com\/index.php?rest_route=%2Fwp%2Fv2%2Ftags&post=821"}],"curies":[{"name":"wp","href":"https:\/\/api.w.org\/{rel}","templated":true}]}}