{"id":837,"date":"2015-04-21T17:56:43","date_gmt":"2015-04-21T15:56:43","guid":{"rendered":"http:\/\/www.waldfreibad.com\/?p=837"},"modified":"2015-05-02T18:02:47","modified_gmt":"2015-05-02T16:02:47","slug":"das-waldfreibad-braucht-mehr-geld","status":"publish","type":"post","link":"https:\/\/www.waldfreibad.com\/?p=837","title":{"rendered":"Das Waldfreibad braucht mehr Geld"},"content":{"rendered":"<p>Badische Zeitung, 21. April 2015<\/p>\n<p><strong>Deshalb soll die Mitgliederwerbung auf weitere Gemeinden im Umkreis ausgeweitet werden \/ Eintrittspreise werden leicht erh\u00f6ht.<\/strong><\/p>\n<p><span class=\"ngSpitzmarke\">H\u00c4USERN.<\/span> Nicht sehr positiv ist die Bilanz des Waldfreibades im vergangenen Jahr ausgefallen \u2013 auf einen gegl\u00fcckten Saisonstart folgte ein verregneter Sommer. Die Mitglieder des Vereins &#8222;Freunde des Waldfreibades&#8220; blickten in ihrer Hauptversammlung im &#8222;Albtalblick&#8220; auf das Jahr 2014 zur\u00fcck.<\/p>\n<p>Die Saison startete mit einem sehr positiven Jahreskartenvorverkauf, hie\u00df es in der Versammlung. Mit 336 verkauften Karten lagen die &#8222;Freunde des Waldfreibades&#8220; etwas \u00fcber den Verkaufzahlen des Vorjahres \u2013 das Ergebnis sei sehr zufriedenstellend gewesen. Doch das Wetter sorgte schlie\u00dflich daf\u00fcr, dass danach der Sommer mit den schlechtesten Besucherzahlen seit der Vereinsgr\u00fcndung vor zehn Jahren folgte.<\/p>\n<p>Das erste Jahrzehnt stand im Mittelpunkt der Hauptversammlung: Bevor die Idee der Vereinsgr\u00fcndung und des Kaufs des Waldfreibades 2005 umgesetzt werden konnte, musste damals viel \u00dcberzeugungsarbeit geleistet werden, erinnerte Vorsitzender Rainer Schwinkendorf. Aber nach zum Teil hitzigen Diskussionen in den Gemeinder\u00e4ten von H\u00e4usern und H\u00f6chenschwand, vielen Telefongespr\u00e4chen und Schlichtungsveranstaltungen mit Vertretern des Landkreises konnte der Verkauf des Waldfreibades an den Verein erfolgen.<\/p>\n<p>Das habe zum Gl\u00fcck geklappt, wie auch H\u00e4userns B\u00fcrgermeister Thomas Kaiser betonte. Denn obwohl H\u00e4usern und H\u00f6chenschwand viel Geld in das Freibad investieren, haben die beiden Kommunen seit der Vereinsgr\u00fcndung deutlich weniger Unterhaltskosten zu tragen.<\/p>\n<p>Positiv sei im vergangenen Jahr der leichte Zuwachs an Mitgliedern gewesen, berichtete Schwinkendorf. Er betonte aber auch, dass es w\u00fcnschenswert w\u00e4re, wenn noch mehr Schwimmbadbesucher auch in den Verein eintreten und damit den Erhalt des Waldfreibades aktiv unterst\u00fctzen w\u00fcrden. Da in den vergangenen zwei bis drei Jahren immer mehr Besucher aus St. Blasien ins Waldfreibad kommen, w\u00e4re es auch w\u00fcnschenswert, dass sich dies in der Mitgliedsstatistik deutlicher niederschl\u00e4gt.<\/p>\n<p>Auch in diesem Jahr wird viel Hilfe seitens der Mitglieder und sonstiger Helfer von N\u00f6ten sein: Wie vor jeder Badesaison steht zum Beispiel ein gro\u00dfer Arbeitseinsatz (16. Mai) auf dem Plan.<\/p>\n<p>Die Badesaison soll am 23. Mai beginnen und bis zum 13. September dauern. Das Anschwimmen soll am 22. Mai um 17 Uhr beginnen. Auch in diesem Jahr werde das Waldfreibad den Schulen der Raumschaft f\u00fcr den Sportunterricht und f\u00fcr sonstige schulische Schwimmveranstaltungen unentgeltlich zur Verf\u00fcgung gestellt, sagte der Vereinsvorsitzende. Gerne k\u00f6nnten sich auch \u00dcbungsleiter melden, die eine morgendliche Wassergymnastik leiten m\u00f6chten.<\/p>\n<p>Der Erhalt des Waldfreibades H\u00e4usern-H\u00f6chenschwand werde immer teurer und die finanzielle Lage des Vereins sehe nicht rosig aus. Um die Einnahmen zu erh\u00f6hen, hat der Vorstand eine Preiserh\u00f6hung f\u00fcr die Einzelkarten beschlossen: Erwachsene zahlen nun 3,50 Euro, Kinder und Jugendliche 2,50 Euro. Der Preis f\u00fcr die Saisonkarten (erh\u00e4ltlich ab dem 9. Mai) bleibt unver\u00e4ndert.<\/p>\n<p>Um die Finanzierung des Waldfreibades auch in Zukunft bew\u00e4ltigen zu k\u00f6nnen, fehlen dem Verein bis zu 25 000 Euro. Deshalb hat der Verein einen Brief an Gemeinden in der Region verfasst, in denen der Vorstand &#8222;Gast- und Mitgliedspotenzial&#8220; sieht.<\/p>\n<div id=\"attachment_840\" style=\"width: 635px\" class=\"wp-caption alignnone\"><a href=\"https:\/\/www.waldfreibad.com\/wordpress\/wp-content\/uploads\/GV2015.jpg\"><img loading=\"lazy\" decoding=\"async\" aria-describedby=\"caption-attachment-840\" class=\"size-large wp-image-840\" src=\"https:\/\/www.waldfreibad.com\/wordpress\/wp-content\/uploads\/GV2015-1024x486.jpg\" alt=\"Die Verantwortlichen des Waldfreibades hoffen auf eine warme Badesaison. Foto: Verena Pichler\" width=\"625\" height=\"297\" srcset=\"https:\/\/www.waldfreibad.com\/wordpress\/wp-content\/uploads\/GV2015.jpg 1024w, https:\/\/www.waldfreibad.com\/wordpress\/wp-content\/uploads\/GV2015-300x142.jpg 300w, https:\/\/www.waldfreibad.com\/wordpress\/wp-content\/uploads\/GV2015-624x296.jpg 624w\" sizes=\"auto, (max-width: 625px) 100vw, 625px\" \/><\/a><p id=\"caption-attachment-840\" class=\"wp-caption-text\">Die Verantwortlichen des Waldfreibades hoffen auf eine warme Badesaison. Foto: Verena Pichler<\/p><\/div>\n","protected":false},"excerpt":{"rendered":"<p>Badische Zeitung, 21. April 2015 Deshalb soll die Mitgliederwerbung auf weitere Gemeinden im Umkreis ausgeweitet werden \/ Eintrittspreise werden leicht erh\u00f6ht. H\u00c4USERN. Nicht sehr positiv ist die Bilanz des Waldfreibades im vergangenen Jahr ausgefallen \u2013 auf einen gegl\u00fcckten Saisonstart folgte ein verregneter Sommer. Die Mitglieder des Vereins &#8222;Freunde des Waldfreibades&#8220; blickten in ihrer Hauptversammlung im [&hellip;]<\/p>\n","protected":false},"author":1,"featured_media":0,"comment_status":"closed","ping_status":"closed","sticky":false,"template":"","format":"standard","meta":{"ngg_post_thumbnail":0,"footnotes":""},"categories":[26],"tags":[],"class_list":["post-837","post","type-post","status-publish","format-standard","hentry","category-presse-2015"],"_links":{"self":[{"href":"https:\/\/www.waldfreibad.com\/index.php?rest_route=\/wp\/v2\/posts\/837","targetHints":{"allow":["GET"]}}],"collection":[{"href":"https:\/\/www.waldfreibad.com\/index.php?rest_route=\/wp\/v2\/posts"}],"about":[{"href":"https:\/\/www.waldfreibad.com\/index.php?rest_route=\/wp\/v2\/types\/post"}],"author":[{"embeddable":true,"href":"https:\/\/www.waldfreibad.com\/index.php?rest_route=\/wp\/v2\/users\/1"}],"replies":[{"embeddable":true,"href":"https:\/\/www.waldfreibad.com\/index.php?rest_route=%2Fwp%2Fv2%2Fcomments&post=837"}],"version-history":[{"count":4,"href":"https:\/\/www.waldfreibad.com\/index.php?rest_route=\/wp\/v2\/posts\/837\/revisions"}],"predecessor-version":[{"id":843,"href":"https:\/\/www.waldfreibad.com\/index.php?rest_route=\/wp\/v2\/posts\/837\/revisions\/843"}],"wp:attachment":[{"href":"https:\/\/www.waldfreibad.com\/index.php?rest_route=%2Fwp%2Fv2%2Fmedia&parent=837"}],"wp:term":[{"taxonomy":"category","embeddable":true,"href":"https:\/\/www.waldfreibad.com\/index.php?rest_route=%2Fwp%2Fv2%2Fcategories&post=837"},{"taxonomy":"post_tag","embeddable":true,"href":"https:\/\/www.waldfreibad.com\/index.php?rest_route=%2Fwp%2Fv2%2Ftags&post=837"}],"curies":[{"name":"wp","href":"https:\/\/api.w.org\/{rel}","templated":true}]}}