{"id":861,"date":"2015-04-21T20:45:04","date_gmt":"2015-04-21T18:45:04","guid":{"rendered":"http:\/\/www.waldfreibad.com\/?p=861"},"modified":"2015-05-14T20:50:00","modified_gmt":"2015-05-14T18:50:00","slug":"die-freunde-des-waldfreibades-ziehen-nach-zehn-jahren-bilanz","status":"publish","type":"post","link":"https:\/\/www.waldfreibad.com\/?p=861","title":{"rendered":"Die Freunde des Waldfreibades ziehen nach zehn Jahren Bilanz"},"content":{"rendered":"<header>S\u00fcdkurier\u00a021. April 2015<\/header>\n<header><\/header>\n<header><\/header>\n<p class=\"article-leadtext\">\n<p class=\"article-leadtext\"><strong>Die Badesaison im Waldfreibad soll am 23. Mai beginnen. Wegen steigender Kosten wird der Eintrittskartenpreis erh\u00f6ht. Verein wirbt in anderen Gemeinden um Besucher.<\/strong><\/p>\n<p>Nicht sehr positiv ist die Bilanz des Waldfreibades im vergangenen Jahr ausgefallen \u2013 auf einen gegl\u00fcckten Saisonstart folgte ein verregneter Sommer. Die Mitglieder des Vereins Freunde des Waldfreibades blickten in ihrer Hauptversammlung im Albtalblick auf das Jahr 2014 zur\u00fcck. Die Saison startete mit einem positiven Jahreskartenvorverkauf, hie\u00df es in der Versammlung. Mit 336 verkauften Karten lagen die Freunde des Waldfreibades etwas \u00fcber den Verkaufzahlen des Vorjahres \u2013 das Ergebnis sei sehr somit zufriedenstellend gewesen.<\/p>\n<p>Doch das Wetter sorgte daf\u00fcr, dass danach der Sommer mit den schlechtesten Besucherzahlen seit der Vereinsgr\u00fcndung vor zehn Jahren folgte. Die R\u00fcckschau auf das erste Jahrzehnt stand im Mittelpunkt der Hauptversammlung: Bevor die Idee der Vereinsgr\u00fcndung und des Kaufs des Waldfreibades 2005 umgesetzt werden konnte, musste viel \u00dcberzeugungsarbeit geleistet werden, erinnerte Vorsitzender Rainer Schwinkendorf.<\/p>\n<p>Aber nach zum Teil hitzigen Diskussionen in den Gemeinder\u00e4ten von H\u00e4usern und H\u00f6chenschwand, Telefongespr\u00e4chen und Schlichtungsveranstaltungen mit Vertretern des Landkreises konnte der Verkauf des Waldfreibades an den Verein erfolgen. Das habe zum Gl\u00fcck geklappt, wie auch H\u00e4userns B\u00fcrgermeister Thomas Kaiser betonte. Denn obwohl H\u00e4usern und H\u00f6chenschwand viel Geld in das Freibad investieren, tragen die Kommunen seit der Vereinsgr\u00fcndung deutlich weniger Unterhaltskosten.<\/p>\n<p>Positiv sei im vergangenen Jahr der leichte Zuwachs an Mitgliedern gewesen, berichtete Schwinkendorf. Er betonte aber auch, dass es w\u00fcnschenswert w\u00e4re, wenn noch mehr Schwimmbadbesucher auch in den Verein eintreten und damit den Erhalt des Waldfreibades aktiv unterst\u00fctzen w\u00fcrden. Da in den vergangenen zwei bis drei Jahren immer mehr Besucher aus St. Blasien ins Waldfreibad kommen, w\u00e4re es auch w\u00fcnschenswert, dass sich dies in der Mitgliedsstatistik deutlicher niederschl\u00e4gt. Die Badesaison soll am 23. Mai beginnen und bis zum 13. September dauern. Das Anschwimmen soll am 22. Mai um 17 Uhr beginnen.<\/p>\n<p>Auch in diesem Jahr werde das Waldfreibad den Schulen f\u00fcr den Sportunterricht und Schwimmveranstaltungen unentgeltlich zur Verf\u00fcgung gestellt, sagte der Vereinsvorsitzende. Gerne k\u00f6nnten sich auch \u00dcbungsleiter melden, die eine morgendliche Wassergymnastik leiten m\u00f6chten.<\/p>\n<p>Der Erhalt des Waldfreibades werde immer teurer. Deshalb hat der Vorstand eine Preiserh\u00f6hung f\u00fcr die Einzelkarten beschlossen: Erwachsene zahlen nun 3,50 Euro, Kinder und Jugendliche 2,50 Euro. Der Preis f\u00fcr die Saisonkarten (erh\u00e4ltlich ab dem 9. Mai) bleibt unver\u00e4ndert. Um die Finanzierung des Waldfreibades auch in Zukunft bew\u00e4ltigen zu k\u00f6nnen, fehlen dem Verein bis zu 25 000 Euro.<\/p>\n<div id=\"attachment_862\" style=\"width: 711px\" class=\"wp-caption alignnone\"><a href=\"https:\/\/www.waldfreibad.com\/wordpress\/wp-content\/uploads\/GV_2015.jpg\"><img loading=\"lazy\" decoding=\"async\" aria-describedby=\"caption-attachment-862\" class=\"size-full wp-image-862\" src=\"https:\/\/www.waldfreibad.com\/wordpress\/wp-content\/uploads\/GV_2015.jpg\" alt=\"Der F\u00f6rderverein Waldfreibad H\u00f6chenschwand\/H\u00e4usern zog in einer Hauptversammlung Bilanz. Bild: Stefan Pichler\" width=\"701\" height=\"414\" srcset=\"https:\/\/www.waldfreibad.com\/wordpress\/wp-content\/uploads\/GV_2015.jpg 701w, https:\/\/www.waldfreibad.com\/wordpress\/wp-content\/uploads\/GV_2015-300x177.jpg 300w, https:\/\/www.waldfreibad.com\/wordpress\/wp-content\/uploads\/GV_2015-624x369.jpg 624w\" sizes=\"auto, (max-width: 701px) 100vw, 701px\" \/><\/a><p id=\"caption-attachment-862\" class=\"wp-caption-text\">Der F\u00f6rderverein Waldfreibad H\u00f6chenschwand\/H\u00e4usern zog in einer Hauptversammlung Bilanz. Bild: Stefan Pichler<\/p><\/div>\n","protected":false},"excerpt":{"rendered":"<p>S\u00fcdkurier\u00a021. April 2015 Die Badesaison im Waldfreibad soll am 23. Mai beginnen. Wegen steigender Kosten wird der Eintrittskartenpreis erh\u00f6ht. Verein wirbt in anderen Gemeinden um Besucher. Nicht sehr positiv ist die Bilanz des Waldfreibades im vergangenen Jahr ausgefallen \u2013 auf einen gegl\u00fcckten Saisonstart folgte ein verregneter Sommer. Die Mitglieder des Vereins Freunde des Waldfreibades blickten [&hellip;]<\/p>\n","protected":false},"author":1,"featured_media":0,"comment_status":"closed","ping_status":"closed","sticky":false,"template":"","format":"standard","meta":{"ngg_post_thumbnail":0,"footnotes":""},"categories":[26],"tags":[],"class_list":["post-861","post","type-post","status-publish","format-standard","hentry","category-presse-2015"],"_links":{"self":[{"href":"https:\/\/www.waldfreibad.com\/index.php?rest_route=\/wp\/v2\/posts\/861","targetHints":{"allow":["GET"]}}],"collection":[{"href":"https:\/\/www.waldfreibad.com\/index.php?rest_route=\/wp\/v2\/posts"}],"about":[{"href":"https:\/\/www.waldfreibad.com\/index.php?rest_route=\/wp\/v2\/types\/post"}],"author":[{"embeddable":true,"href":"https:\/\/www.waldfreibad.com\/index.php?rest_route=\/wp\/v2\/users\/1"}],"replies":[{"embeddable":true,"href":"https:\/\/www.waldfreibad.com\/index.php?rest_route=%2Fwp%2Fv2%2Fcomments&post=861"}],"version-history":[{"count":4,"href":"https:\/\/www.waldfreibad.com\/index.php?rest_route=\/wp\/v2\/posts\/861\/revisions"}],"predecessor-version":[{"id":866,"href":"https:\/\/www.waldfreibad.com\/index.php?rest_route=\/wp\/v2\/posts\/861\/revisions\/866"}],"wp:attachment":[{"href":"https:\/\/www.waldfreibad.com\/index.php?rest_route=%2Fwp%2Fv2%2Fmedia&parent=861"}],"wp:term":[{"taxonomy":"category","embeddable":true,"href":"https:\/\/www.waldfreibad.com\/index.php?rest_route=%2Fwp%2Fv2%2Fcategories&post=861"},{"taxonomy":"post_tag","embeddable":true,"href":"https:\/\/www.waldfreibad.com\/index.php?rest_route=%2Fwp%2Fv2%2Ftags&post=861"}],"curies":[{"name":"wp","href":"https:\/\/api.w.org\/{rel}","templated":true}]}}