{"id":887,"date":"2015-05-18T20:24:01","date_gmt":"2015-05-18T18:24:01","guid":{"rendered":"http:\/\/www.waldfreibad.com\/?p=887"},"modified":"2015-06-14T13:23:14","modified_gmt":"2015-06-14T11:23:14","slug":"die-badesaison-ist-vorbereitet","status":"publish","type":"post","link":"https:\/\/www.waldfreibad.com\/?p=887","title":{"rendered":"Die Badesaison ist vorbereitet"},"content":{"rendered":"<p>Badische Zeitung, 18. April 2015<\/p>\n<p><strong>Beim Arbeitseinsatz der Freunde des Waldfreibads H\u00e4usern-H\u00f6chenschwand am Samstag r\u00fcckten im Geb\u00e4udeinnern die Frauen dem Staub, Dreck und Unrat auf den Leib. Dem Au\u00dfenbereich gaben die M\u00e4nner den erforderlichen Schliff.<\/strong><\/p>\n<p><div id=\"attachment_890\" style=\"width: 635px\" class=\"wp-caption alignnone\"><a href=\"https:\/\/www.waldfreibad.com\/wordpress\/wp-content\/uploads\/Einsatz1_2015.jpg\"><img loading=\"lazy\" decoding=\"async\" aria-describedby=\"caption-attachment-890\" class=\"size-large wp-image-890\" src=\"https:\/\/www.waldfreibad.com\/wordpress\/wp-content\/uploads\/Einsatz1_2015-1024x682.jpg\" alt=\"Die Beckenabdeckung rollte Vereinsvorsitzender Rainer Schwinkendorf ein. Foto: Cornelia Liebwein\" width=\"625\" height=\"416\" srcset=\"https:\/\/www.waldfreibad.com\/wordpress\/wp-content\/uploads\/Einsatz1_2015.jpg 1024w, https:\/\/www.waldfreibad.com\/wordpress\/wp-content\/uploads\/Einsatz1_2015-300x200.jpg 300w, https:\/\/www.waldfreibad.com\/wordpress\/wp-content\/uploads\/Einsatz1_2015-624x416.jpg 624w\" sizes=\"auto, (max-width: 625px) 100vw, 625px\" \/><\/a><p id=\"caption-attachment-890\" class=\"wp-caption-text\">Die Beckenabdeckung rollte Vereinsvorsitzender Rainer Schwinkendorf ein. Foto: Cornelia Liebwein<\/p><\/div>H\u00c4USERN (lib). Beim Arbeitseinsatz der Freunde des Waldfreibads H\u00e4usern-H\u00f6chenschwand am Samstag r\u00fcckten im Geb\u00e4udeinnern die Frauen dem Staub, Dreck und Unrat auf den Leib. Dem Au\u00dfenbereich gaben die M\u00e4nner den erforderlichen Schliff, denn der Beginn der Badesaison steht vor der T\u00fcr. Der Vorverkauf endet am Freitag, 22. Mai, an den Vorverkaufsstellen sp\u00e4testens um 15 Uhr. &#8222;Ab 17 Uhr findet dann das Anschwimmen f\u00fcr Mitglieder statt&#8220;, weist Vorsitzender Rainer Schwinkendorf nochmals darauf hin. Ab 23. Mai ist das Bad dann f\u00fcr jeden ge\u00f6ffnet.<\/p>\n<p><div id=\"attachment_889\" style=\"width: 635px\" class=\"wp-caption alignnone\"><a href=\"https:\/\/www.waldfreibad.com\/wordpress\/wp-content\/uploads\/Einsatz2_2015.jpg\"><img loading=\"lazy\" decoding=\"async\" aria-describedby=\"caption-attachment-889\" class=\"size-large wp-image-889\" src=\"https:\/\/www.waldfreibad.com\/wordpress\/wp-content\/uploads\/Einsatz2_2015-1024x767.jpg\" alt=\"Staubwedel, Staubsauger und Scheuermittel kamen bei den Frauen zum Einsatz- Foto: Cornelia Liebwein\" width=\"625\" height=\"468\" srcset=\"https:\/\/www.waldfreibad.com\/wordpress\/wp-content\/uploads\/Einsatz2_2015.jpg 1024w, https:\/\/www.waldfreibad.com\/wordpress\/wp-content\/uploads\/Einsatz2_2015-300x225.jpg 300w, https:\/\/www.waldfreibad.com\/wordpress\/wp-content\/uploads\/Einsatz2_2015-624x467.jpg 624w\" sizes=\"auto, (max-width: 625px) 100vw, 625px\" \/><\/a><p id=\"caption-attachment-889\" class=\"wp-caption-text\">Staubwedel, Staubsauger und Scheuermittel kamen bei den Frauen zum Einsatz- Foto: Cornelia Liebwein<\/p><\/div><br \/>\n<div id=\"attachment_888\" style=\"width: 635px\" class=\"wp-caption alignnone\"><a href=\"https:\/\/www.waldfreibad.com\/wordpress\/wp-content\/uploads\/Einsatz3_2015.jpg\"><img loading=\"lazy\" decoding=\"async\" aria-describedby=\"caption-attachment-888\" class=\"size-large wp-image-888\" src=\"https:\/\/www.waldfreibad.com\/wordpress\/wp-content\/uploads\/Einsatz3_2015-1024x682.jpg\" alt=\"F\u00fcr ihre Arbeit nahmen die M\u00e4nner Schubkarren, Rechen oder Motors\u00e4ge zur Hand. Foto: Cornelia Liebwein\" width=\"625\" height=\"416\" srcset=\"https:\/\/www.waldfreibad.com\/wordpress\/wp-content\/uploads\/Einsatz3_2015.jpg 1024w, https:\/\/www.waldfreibad.com\/wordpress\/wp-content\/uploads\/Einsatz3_2015-300x200.jpg 300w, https:\/\/www.waldfreibad.com\/wordpress\/wp-content\/uploads\/Einsatz3_2015-624x416.jpg 624w\" sizes=\"auto, (max-width: 625px) 100vw, 625px\" \/><\/a><p id=\"caption-attachment-888\" class=\"wp-caption-text\">F\u00fcr ihre Arbeit nahmen die M\u00e4nner Schubkarren, Rechen oder Motors\u00e4ge zur Hand. Foto: Cornelia Liebwein<\/p><\/div><\/p>\n","protected":false},"excerpt":{"rendered":"<p>Badische Zeitung, 18. April 2015 Beim Arbeitseinsatz der Freunde des Waldfreibads H\u00e4usern-H\u00f6chenschwand am Samstag r\u00fcckten im Geb\u00e4udeinnern die Frauen dem Staub, Dreck und Unrat auf den Leib. Dem Au\u00dfenbereich gaben die M\u00e4nner den erforderlichen Schliff. H\u00c4USERN (lib). Beim Arbeitseinsatz der Freunde des Waldfreibads H\u00e4usern-H\u00f6chenschwand am Samstag r\u00fcckten im Geb\u00e4udeinnern die Frauen dem Staub, Dreck und [&hellip;]<\/p>\n","protected":false},"author":1,"featured_media":0,"comment_status":"closed","ping_status":"closed","sticky":false,"template":"","format":"standard","meta":{"ngg_post_thumbnail":0,"footnotes":""},"categories":[26],"tags":[],"class_list":["post-887","post","type-post","status-publish","format-standard","hentry","category-presse-2015"],"_links":{"self":[{"href":"https:\/\/www.waldfreibad.com\/index.php?rest_route=\/wp\/v2\/posts\/887","targetHints":{"allow":["GET"]}}],"collection":[{"href":"https:\/\/www.waldfreibad.com\/index.php?rest_route=\/wp\/v2\/posts"}],"about":[{"href":"https:\/\/www.waldfreibad.com\/index.php?rest_route=\/wp\/v2\/types\/post"}],"author":[{"embeddable":true,"href":"https:\/\/www.waldfreibad.com\/index.php?rest_route=\/wp\/v2\/users\/1"}],"replies":[{"embeddable":true,"href":"https:\/\/www.waldfreibad.com\/index.php?rest_route=%2Fwp%2Fv2%2Fcomments&post=887"}],"version-history":[{"count":3,"href":"https:\/\/www.waldfreibad.com\/index.php?rest_route=\/wp\/v2\/posts\/887\/revisions"}],"predecessor-version":[{"id":912,"href":"https:\/\/www.waldfreibad.com\/index.php?rest_route=\/wp\/v2\/posts\/887\/revisions\/912"}],"wp:attachment":[{"href":"https:\/\/www.waldfreibad.com\/index.php?rest_route=%2Fwp%2Fv2%2Fmedia&parent=887"}],"wp:term":[{"taxonomy":"category","embeddable":true,"href":"https:\/\/www.waldfreibad.com\/index.php?rest_route=%2Fwp%2Fv2%2Fcategories&post=887"},{"taxonomy":"post_tag","embeddable":true,"href":"https:\/\/www.waldfreibad.com\/index.php?rest_route=%2Fwp%2Fv2%2Ftags&post=887"}],"curies":[{"name":"wp","href":"https:\/\/api.w.org\/{rel}","templated":true}]}}