{"id":893,"date":"2015-05-13T20:33:21","date_gmt":"2015-05-13T18:33:21","guid":{"rendered":"http:\/\/www.waldfreibad.com\/?p=893"},"modified":"2015-05-23T19:42:21","modified_gmt":"2015-05-23T17:42:21","slug":"guter-vorverkauf-und-ein-grosser-arbeitseinsatz","status":"publish","type":"post","link":"https:\/\/www.waldfreibad.com\/?p=893","title":{"rendered":"Guter Vorverkauf und ein gro\u00dfer Arbeitseinsatz"},"content":{"rendered":"<p>Badische Zeitung, 13. Mai 2015<\/p>\n<p><span class=\"ngSpitzmarke\">H\u00c4USERN (BZ).<\/span> Die Vorverkauf der Freibad-Saisonkarten hat gut begonnen: Seit sie am Samstag in H\u00e4usern, Frohnschwand und erstmals auch in St.Blasien zu haben sind, konnten die &#8222;Freunde des Waldfreibades&#8220; bereits 107 Saisonkarten verkaufen, stellte Rainer Schwinkendorf zufrieden fest. Nun steht ein gro\u00dfer Arbeitseinsatz im Waldfreibad an: Am Samstag, 16.Mai, werden die freiwilligen Helfer von 10 Uhr an der Anlage und dem Geb\u00e4ude den letzten Schliff geben, damit die Badesaison an Pfingsten beginnen kann. Die Helfer sollten m\u00f6glichst Reinigungsger\u00e4te und -mittel, Schubkarre, Schaufel, Rechen oder eine Motors\u00e4ge mitbringen. F\u00fcr eine St\u00e4rkung ist gesorgt.<\/p>\n","protected":false},"excerpt":{"rendered":"<p>Badische Zeitung, 13. Mai 2015 H\u00c4USERN (BZ). Die Vorverkauf der Freibad-Saisonkarten hat gut begonnen: Seit sie am Samstag in H\u00e4usern, Frohnschwand und erstmals auch in St.Blasien zu haben sind, konnten die &#8222;Freunde des Waldfreibades&#8220; bereits 107 Saisonkarten verkaufen, stellte Rainer Schwinkendorf zufrieden fest. Nun steht ein gro\u00dfer Arbeitseinsatz im Waldfreibad an: Am Samstag, 16.Mai, werden [&hellip;]<\/p>\n","protected":false},"author":1,"featured_media":0,"comment_status":"closed","ping_status":"closed","sticky":false,"template":"","format":"standard","meta":{"ngg_post_thumbnail":0,"footnotes":""},"categories":[26],"tags":[],"class_list":["post-893","post","type-post","status-publish","format-standard","hentry","category-presse-2015"],"_links":{"self":[{"href":"https:\/\/www.waldfreibad.com\/index.php?rest_route=\/wp\/v2\/posts\/893","targetHints":{"allow":["GET"]}}],"collection":[{"href":"https:\/\/www.waldfreibad.com\/index.php?rest_route=\/wp\/v2\/posts"}],"about":[{"href":"https:\/\/www.waldfreibad.com\/index.php?rest_route=\/wp\/v2\/types\/post"}],"author":[{"embeddable":true,"href":"https:\/\/www.waldfreibad.com\/index.php?rest_route=\/wp\/v2\/users\/1"}],"replies":[{"embeddable":true,"href":"https:\/\/www.waldfreibad.com\/index.php?rest_route=%2Fwp%2Fv2%2Fcomments&post=893"}],"version-history":[{"count":1,"href":"https:\/\/www.waldfreibad.com\/index.php?rest_route=\/wp\/v2\/posts\/893\/revisions"}],"predecessor-version":[{"id":894,"href":"https:\/\/www.waldfreibad.com\/index.php?rest_route=\/wp\/v2\/posts\/893\/revisions\/894"}],"wp:attachment":[{"href":"https:\/\/www.waldfreibad.com\/index.php?rest_route=%2Fwp%2Fv2%2Fmedia&parent=893"}],"wp:term":[{"taxonomy":"category","embeddable":true,"href":"https:\/\/www.waldfreibad.com\/index.php?rest_route=%2Fwp%2Fv2%2Fcategories&post=893"},{"taxonomy":"post_tag","embeddable":true,"href":"https:\/\/www.waldfreibad.com\/index.php?rest_route=%2Fwp%2Fv2%2Ftags&post=893"}],"curies":[{"name":"wp","href":"https:\/\/api.w.org\/{rel}","templated":true}]}}