{"id":895,"date":"2013-04-17T20:39:41","date_gmt":"2013-04-17T18:39:41","guid":{"rendered":"http:\/\/www.waldfreibad.com\/?p=895"},"modified":"2015-05-21T20:43:00","modified_gmt":"2015-05-21T18:43:00","slug":"abdeckplane-zu-verschenken","status":"publish","type":"post","link":"https:\/\/www.waldfreibad.com\/?p=895","title":{"rendered":"Abdeckplane zu verschenken"},"content":{"rendered":"<p>S\u00fcdkurier, 17.04.2013<\/p>\n<p>Nach 20 Jahren muss die Abdeckplane des Waldfreibades erneuert werden. Die Isolationsschicht der Plane hat mit der Zeit Aufl\u00f6sungserscheinungen und die Steuerung entspricht nicht mehr den Vorschriften. Aus diesen Gr\u00fcnden haben sich die \u201eFreunde des Waldfreibades\u201c dazu entschieden, eine neue Abdeckplane inklusive Steuerung f\u00fcr etwa 50 000 Euro anzuschaffen. Die etwa 850 Quadratmeter gro\u00dfe Plane muss nun demontiert und entsorgt werden. Da die Entsorgung Kosten verursacht, will der Verein, wie schon damals, den Bewohnern der Region die M\u00f6glichkeit geben, sich mit einzelnen Planenst\u00fccken zu versorgen. Noch heute findet man die alte Abdeckplane auf Holzstapeln, Anh\u00e4ngern oder \u00c4hnlichem. Der F\u00f6rderverein hofft auf eine gro\u00dfe Resonanz. \u201eHilfreich w\u00e4re, wenn zum Abtrennen der Planenst\u00fccke ein Teppichmesser mitgebracht wird\u201c, r\u00e4t Schwinkendorf. Die St\u00fccke haben bei individueller Breite eine L\u00e4nge von etwa 8,50 Meter. Die Verteilung findet am kommenden Samstag, 20. April, 12 bis 15 Uhr, am Becken des Waldfreibades statt und ist kostenlos.<\/p>\n<div id=\"attachment_896\" style=\"width: 710px\" class=\"wp-caption alignnone\"><a href=\"https:\/\/www.waldfreibad.com\/wordpress\/wp-content\/uploads\/2013_Plane1.jpg\"><img loading=\"lazy\" decoding=\"async\" aria-describedby=\"caption-attachment-896\" class=\"size-full wp-image-896\" src=\"https:\/\/www.waldfreibad.com\/wordpress\/wp-content\/uploads\/2013_Plane1.jpg\" alt=\"St\u00fccke der Abdeckplane des Waldfreibades werden kostenlos abgegeben. Bild: PIC\" width=\"700\" height=\"441\" srcset=\"https:\/\/www.waldfreibad.com\/wordpress\/wp-content\/uploads\/2013_Plane1.jpg 700w, https:\/\/www.waldfreibad.com\/wordpress\/wp-content\/uploads\/2013_Plane1-300x189.jpg 300w, https:\/\/www.waldfreibad.com\/wordpress\/wp-content\/uploads\/2013_Plane1-624x393.jpg 624w\" sizes=\"auto, (max-width: 700px) 100vw, 700px\" \/><\/a><p id=\"caption-attachment-896\" class=\"wp-caption-text\">St\u00fccke der Abdeckplane des Waldfreibades werden kostenlos abgegeben. Bild: PIC<\/p><\/div>\n","protected":false},"excerpt":{"rendered":"<p>S\u00fcdkurier, 17.04.2013 Nach 20 Jahren muss die Abdeckplane des Waldfreibades erneuert werden. Die Isolationsschicht der Plane hat mit der Zeit Aufl\u00f6sungserscheinungen und die Steuerung entspricht nicht mehr den Vorschriften. Aus diesen Gr\u00fcnden haben sich die \u201eFreunde des Waldfreibades\u201c dazu entschieden, eine neue Abdeckplane inklusive Steuerung f\u00fcr etwa 50 000 Euro anzuschaffen. Die etwa 850 Quadratmeter [&hellip;]<\/p>\n","protected":false},"author":1,"featured_media":0,"comment_status":"closed","ping_status":"closed","sticky":false,"template":"","format":"standard","meta":{"ngg_post_thumbnail":0,"footnotes":""},"categories":[24],"tags":[],"class_list":["post-895","post","type-post","status-publish","format-standard","hentry","category-presse-2013"],"_links":{"self":[{"href":"https:\/\/www.waldfreibad.com\/index.php?rest_route=\/wp\/v2\/posts\/895","targetHints":{"allow":["GET"]}}],"collection":[{"href":"https:\/\/www.waldfreibad.com\/index.php?rest_route=\/wp\/v2\/posts"}],"about":[{"href":"https:\/\/www.waldfreibad.com\/index.php?rest_route=\/wp\/v2\/types\/post"}],"author":[{"embeddable":true,"href":"https:\/\/www.waldfreibad.com\/index.php?rest_route=\/wp\/v2\/users\/1"}],"replies":[{"embeddable":true,"href":"https:\/\/www.waldfreibad.com\/index.php?rest_route=%2Fwp%2Fv2%2Fcomments&post=895"}],"version-history":[{"count":1,"href":"https:\/\/www.waldfreibad.com\/index.php?rest_route=\/wp\/v2\/posts\/895\/revisions"}],"predecessor-version":[{"id":897,"href":"https:\/\/www.waldfreibad.com\/index.php?rest_route=\/wp\/v2\/posts\/895\/revisions\/897"}],"wp:attachment":[{"href":"https:\/\/www.waldfreibad.com\/index.php?rest_route=%2Fwp%2Fv2%2Fmedia&parent=895"}],"wp:term":[{"taxonomy":"category","embeddable":true,"href":"https:\/\/www.waldfreibad.com\/index.php?rest_route=%2Fwp%2Fv2%2Fcategories&post=895"},{"taxonomy":"post_tag","embeddable":true,"href":"https:\/\/www.waldfreibad.com\/index.php?rest_route=%2Fwp%2Fv2%2Ftags&post=895"}],"curies":[{"name":"wp","href":"https:\/\/api.w.org\/{rel}","templated":true}]}}