{"id":905,"date":"2015-05-27T21:21:10","date_gmt":"2015-05-27T19:21:10","guid":{"rendered":"http:\/\/www.waldfreibad.com\/?p=905"},"modified":"2015-06-14T13:22:54","modified_gmt":"2015-06-14T11:22:54","slug":"die-badesaison-ist-eroeffnet","status":"publish","type":"post","link":"https:\/\/www.waldfreibad.com\/?p=905","title":{"rendered":"Die Badesaison ist er\u00f6ffnet"},"content":{"rendered":"<p>Badische Zeitung, 27. April 2015<\/p>\n<p><b>Waldfreibad l\u00e4dt wieder ein<\/b><\/p>\n<p>H\u00c4USERN\/H\u00d6CHENSCHWAND (lib). Die kr\u00e4ftigen Arme der Vereinsmitglieder der &#8222;Freunde des Waldfreibads&#8220; durchpfl\u00fcgten am Freitagabend das Wasser, w\u00e4hrend sich fr\u00f6stelnde 14 Grad Au\u00dfentemperatur in ihren Haaren verfing. Dennoch, die angenehme Wassertemperatur von 23 Grad machte das Schwimmen in die neue Badesaison zum \u00fcberzeugenden Badespa\u00df. Seit Pfingstsamstag ist das h\u00f6chstgelegene beheizte Freibad Deutschlands f\u00fcr alle Badeg\u00e4ste ge\u00f6ffnet. &#8222;258 Karten wurden im Vorverkauf verkauft&#8220;, betonte Vereinsvorsitzender Rainer Schwinkendorf zufrieden.&nbsp;<\/p>\n<div style=\"width: 1034px\" class=\"wp-caption alignnone\"><a href=\"https:\/\/www.waldfreibad.com\/wordpress\/wp-content\/uploads\/IMG_0550.jpg\"><img loading=\"lazy\" decoding=\"async\" width=\"1024\" height=\"464\" alt=\"\" src=\"https:\/\/www.waldfreibad.com\/wordpress\/wp-content\/uploads\/IMG_0550.jpg\" title=\"\" class=\"size-custom\"><\/a><p class=\"wp-caption-text\">Diese vier Badenixen lie\u00dfen sich von den 14 Grad Au\u00dfentemperatur nicht beeindrucken und er\u00f6ffneten im Waldfreibad fr\u00f6hlich die Badesaison. Foto: Cornelia Liebwein<\/p><\/div>\n","protected":false},"excerpt":{"rendered":"<p>Badische Zeitung, 27. April 2015 Waldfreibad l\u00e4dt wieder ein H\u00c4USERN\/H\u00d6CHENSCHWAND (lib). Die kr\u00e4ftigen Arme der Vereinsmitglieder der &#8222;Freunde des Waldfreibads&#8220; durchpfl\u00fcgten am Freitagabend das Wasser, w\u00e4hrend sich fr\u00f6stelnde 14 Grad Au\u00dfentemperatur in ihren Haaren verfing. Dennoch, die angenehme Wassertemperatur von 23 Grad machte das Schwimmen in die neue Badesaison zum \u00fcberzeugenden Badespa\u00df. Seit Pfingstsamstag ist [&hellip;]<\/p>\n","protected":false},"author":1,"featured_media":0,"comment_status":"closed","ping_status":"closed","sticky":false,"template":"","format":"standard","meta":{"ngg_post_thumbnail":0,"footnotes":""},"categories":[26],"tags":[],"class_list":["post-905","post","type-post","status-publish","format-standard","hentry","category-presse-2015"],"_links":{"self":[{"href":"https:\/\/www.waldfreibad.com\/index.php?rest_route=\/wp\/v2\/posts\/905","targetHints":{"allow":["GET"]}}],"collection":[{"href":"https:\/\/www.waldfreibad.com\/index.php?rest_route=\/wp\/v2\/posts"}],"about":[{"href":"https:\/\/www.waldfreibad.com\/index.php?rest_route=\/wp\/v2\/types\/post"}],"author":[{"embeddable":true,"href":"https:\/\/www.waldfreibad.com\/index.php?rest_route=\/wp\/v2\/users\/1"}],"replies":[{"embeddable":true,"href":"https:\/\/www.waldfreibad.com\/index.php?rest_route=%2Fwp%2Fv2%2Fcomments&post=905"}],"version-history":[{"count":4,"href":"https:\/\/www.waldfreibad.com\/index.php?rest_route=\/wp\/v2\/posts\/905\/revisions"}],"predecessor-version":[{"id":909,"href":"https:\/\/www.waldfreibad.com\/index.php?rest_route=\/wp\/v2\/posts\/905\/revisions\/909"}],"wp:attachment":[{"href":"https:\/\/www.waldfreibad.com\/index.php?rest_route=%2Fwp%2Fv2%2Fmedia&parent=905"}],"wp:term":[{"taxonomy":"category","embeddable":true,"href":"https:\/\/www.waldfreibad.com\/index.php?rest_route=%2Fwp%2Fv2%2Fcategories&post=905"},{"taxonomy":"post_tag","embeddable":true,"href":"https:\/\/www.waldfreibad.com\/index.php?rest_route=%2Fwp%2Fv2%2Ftags&post=905"}],"curies":[{"name":"wp","href":"https:\/\/api.w.org\/{rel}","templated":true}]}}