{"id":915,"date":"2015-06-27T15:08:50","date_gmt":"2015-06-27T13:08:50","guid":{"rendered":"http:\/\/www.waldfreibad.com\/?p=915"},"modified":"2015-06-28T17:04:58","modified_gmt":"2015-06-28T15:04:58","slug":"nachtschwimmen-2015-abgesagt","status":"publish","type":"post","link":"https:\/\/www.waldfreibad.com\/?p=915","title":{"rendered":"Nachtschwimmen 2015 abgesagt"},"content":{"rendered":"<div>\n<div>Liebe Besucher,<\/div>\n<div>\n<p style=\"margin: 0px 5px 0px 0px;\"><span style=\"background-color: rgba(255, 255, 255, 0);\">&nbsp;<\/span><\/p>\n<p style=\"margin: 0px 5px 0px 0px;\"><span style=\"background-color: rgba(255, 255, 255, 0);\">aufgrund der aktuellen Wetterprognosen f\u00fcr den heutigen Abend (Wind und Gewitter,) m\u00fcssen wir schweren Herzens das Nachtschwimmen f\u00fcr den heutigen Samstag, den 27. Juni absagen.<\/span><\/p>\n<p style=\"margin: 0px 5px 0px 0px;\"><span style=\"background-color: rgba(255, 255, 255, 0);\">&nbsp;<\/span><\/p>\n<p style=\"margin: 0px 5px 0px 0px;\">Die Vorstandschaft&nbsp;<\/p>\n<p style=\"margin: 0px 5px 0px 0px;\">Freunde des Waldfreibades e.V.<\/p>\n<\/div>\n<\/div>\n","protected":false},"excerpt":{"rendered":"<p>Liebe Besucher, &nbsp; aufgrund der aktuellen Wetterprognosen f\u00fcr den heutigen Abend (Wind und Gewitter,) m\u00fcssen wir schweren Herzens das Nachtschwimmen f\u00fcr den heutigen Samstag, den 27. Juni absagen. &nbsp; Die Vorstandschaft&nbsp; Freunde des Waldfreibades e.V.<\/p>\n","protected":false},"author":1,"featured_media":0,"comment_status":"closed","ping_status":"closed","sticky":false,"template":"","format":"standard","meta":{"ngg_post_thumbnail":0,"footnotes":""},"categories":[22],"tags":[],"class_list":["post-915","post","type-post","status-publish","format-standard","hentry","category-verein"],"_links":{"self":[{"href":"https:\/\/www.waldfreibad.com\/index.php?rest_route=\/wp\/v2\/posts\/915","targetHints":{"allow":["GET"]}}],"collection":[{"href":"https:\/\/www.waldfreibad.com\/index.php?rest_route=\/wp\/v2\/posts"}],"about":[{"href":"https:\/\/www.waldfreibad.com\/index.php?rest_route=\/wp\/v2\/types\/post"}],"author":[{"embeddable":true,"href":"https:\/\/www.waldfreibad.com\/index.php?rest_route=\/wp\/v2\/users\/1"}],"replies":[{"embeddable":true,"href":"https:\/\/www.waldfreibad.com\/index.php?rest_route=%2Fwp%2Fv2%2Fcomments&post=915"}],"version-history":[{"count":1,"href":"https:\/\/www.waldfreibad.com\/index.php?rest_route=\/wp\/v2\/posts\/915\/revisions"}],"predecessor-version":[{"id":916,"href":"https:\/\/www.waldfreibad.com\/index.php?rest_route=\/wp\/v2\/posts\/915\/revisions\/916"}],"wp:attachment":[{"href":"https:\/\/www.waldfreibad.com\/index.php?rest_route=%2Fwp%2Fv2%2Fmedia&parent=915"}],"wp:term":[{"taxonomy":"category","embeddable":true,"href":"https:\/\/www.waldfreibad.com\/index.php?rest_route=%2Fwp%2Fv2%2Fcategories&post=915"},{"taxonomy":"post_tag","embeddable":true,"href":"https:\/\/www.waldfreibad.com\/index.php?rest_route=%2Fwp%2Fv2%2Ftags&post=915"}],"curies":[{"name":"wp","href":"https:\/\/api.w.org\/{rel}","templated":true}]}}