{"id":925,"date":"2015-07-07T20:06:36","date_gmt":"2015-07-07T18:06:36","guid":{"rendered":"http:\/\/www.waldfreibad.com\/?p=925"},"modified":"2015-07-28T19:53:26","modified_gmt":"2015-07-28T17:53:26","slug":"rekordbesuch","status":"publish","type":"post","link":"https:\/\/www.waldfreibad.com\/?p=925","title":{"rendered":"Rekordbesuch"},"content":{"rendered":"<p>Badische Zeitung, 07. Juli 2015<\/p>\n<p>HOCH Annelie hat auch das Waldfreibad H\u00e4usern\/H\u00f6chenschwand zum Kochen gebracht. In 6 Tagen besuchten fast 7000 G\u00e4ste das Waldfreibad. Der H\u00f6hepunkt nicht nur bei den Temperaturen, sondern auch bei den Besucherzahlen brachte das Wochenende: Am Samstag waren es fast 1400 G\u00e4ste, am Sonntag fast 2200 Besucher (bisheriger Rekord: 1800 Besucher). Die Besucher kamen aus dem weiten Umkreis und sogar aus der Schweiz.&nbsp;<a href=\"https:\/\/www.waldfreibad.com\/wordpress\/wp-content\/uploads\/IMG_0710.jpg\"><img decoding=\"async\" src=\"https:\/\/www.waldfreibad.com\/wordpress\/wp-content\/uploads\/IMG_0710.jpg\" alt=\"\"><\/a>&nbsp;<\/p>\n","protected":false},"excerpt":{"rendered":"<p>Badische Zeitung, 07. Juli 2015 HOCH Annelie hat auch das Waldfreibad H\u00e4usern\/H\u00f6chenschwand zum Kochen gebracht. In 6 Tagen besuchten fast 7000 G\u00e4ste das Waldfreibad. Der H\u00f6hepunkt nicht nur bei den Temperaturen, sondern auch bei den Besucherzahlen brachte das Wochenende: Am Samstag waren es fast 1400 G\u00e4ste, am Sonntag fast 2200 Besucher (bisheriger Rekord: 1800 Besucher). [&hellip;]<\/p>\n","protected":false},"author":1,"featured_media":0,"comment_status":"closed","ping_status":"closed","sticky":false,"template":"","format":"standard","meta":{"ngg_post_thumbnail":0,"footnotes":""},"categories":[26],"tags":[],"class_list":["post-925","post","type-post","status-publish","format-standard","hentry","category-presse-2015"],"_links":{"self":[{"href":"https:\/\/www.waldfreibad.com\/index.php?rest_route=\/wp\/v2\/posts\/925","targetHints":{"allow":["GET"]}}],"collection":[{"href":"https:\/\/www.waldfreibad.com\/index.php?rest_route=\/wp\/v2\/posts"}],"about":[{"href":"https:\/\/www.waldfreibad.com\/index.php?rest_route=\/wp\/v2\/types\/post"}],"author":[{"embeddable":true,"href":"https:\/\/www.waldfreibad.com\/index.php?rest_route=\/wp\/v2\/users\/1"}],"replies":[{"embeddable":true,"href":"https:\/\/www.waldfreibad.com\/index.php?rest_route=%2Fwp%2Fv2%2Fcomments&post=925"}],"version-history":[{"count":1,"href":"https:\/\/www.waldfreibad.com\/index.php?rest_route=\/wp\/v2\/posts\/925\/revisions"}],"predecessor-version":[{"id":926,"href":"https:\/\/www.waldfreibad.com\/index.php?rest_route=\/wp\/v2\/posts\/925\/revisions\/926"}],"wp:attachment":[{"href":"https:\/\/www.waldfreibad.com\/index.php?rest_route=%2Fwp%2Fv2%2Fmedia&parent=925"}],"wp:term":[{"taxonomy":"category","embeddable":true,"href":"https:\/\/www.waldfreibad.com\/index.php?rest_route=%2Fwp%2Fv2%2Fcategories&post=925"},{"taxonomy":"post_tag","embeddable":true,"href":"https:\/\/www.waldfreibad.com\/index.php?rest_route=%2Fwp%2Fv2%2Ftags&post=925"}],"curies":[{"name":"wp","href":"https:\/\/api.w.org\/{rel}","templated":true}]}}