{"id":985,"date":"2016-08-19T17:18:07","date_gmt":"2016-08-19T15:18:07","guid":{"rendered":"http:\/\/www.waldfreibad.com\/?p=985"},"modified":"2018-05-05T08:35:29","modified_gmt":"2018-05-05T06:35:29","slug":"badegaeste-moegen-keine-wolken","status":"publish","type":"post","link":"https:\/\/www.waldfreibad.com\/?p=985","title":{"rendered":"Badeg\u00e4ste m\u00f6gen keine Wolken"},"content":{"rendered":"<p>Badische Zeitung vom\u00a019. August 2016<\/p>\n<p class=\"vorwort\"><strong>Das Waldfreibad H\u00f6chenschwand-H\u00e4usern leidet unter dem wechselhaften Wetter \/ Arbeit f\u00fcr den Bademeister gibt es trotzdem genug.<\/strong><\/p>\n<p>H\u00c4USERN\/<span class=\"ngVersal\">H\u00d6CHENSCHWAND<\/span>. Eine wechselhafte Wetterwoche folgt der n\u00e4chsten. Schlecht auch f\u00fcr das Waldfreibad H\u00f6chenschwand-H\u00e4usern, wo das unstete Wetter einen Einbruch bei den Einnahmen bei weiter laufenden Betriebs- und Personalkosten verursacht. Auf satte, warme Temperaturen kletterte das Thermometer bisher nur an wenigen Tagen. Dennoch wird das Bad voraussichtlich bis Ende der Schulferien (11. September) ge\u00f6ffnet haben.<\/p>\n<p>Bademeister Olaf D\u00f6hring sitzt in seiner Kabine und hat die Bassins im Auge, gleichzeitig blickt er auf den Bildschirm der neu installierten Mess- und Regeltechnik, eine Anschaffung des Betriebs in diesem Jahr, die rund 15 000 Euro verschlang. Hier sieht der Fachangestellte f\u00fcr B\u00e4derbetriebe den freien Chlorgehalt, der drei Mal am Tag gemessen wird, aber auch die Retoxspannung und mehr, die die Keimt\u00f6tungsgeschwindigkeit kontrolliert.<\/p>\n<div id=\"attachment_987\" style=\"width: 428px\" class=\"wp-caption alignnone\"><a href=\"https:\/\/www.waldfreibad.com\/wordpress\/wp-content\/uploads\/126312918-p-590_450.jpg\"><img loading=\"lazy\" decoding=\"async\" aria-describedby=\"caption-attachment-987\" class=\"size-full wp-image-987\" src=\"https:\/\/www.waldfreibad.com\/wordpress\/wp-content\/uploads\/126312918-p-590_450.jpg\" alt=\"Mit einem Blick kann Olaf D\u00f6hring die Daten aus den Becken auf dem Bildschirm der neu installierten Mess- und Regeltechnik bei sich auf dem Schreibtisch erfassen. Foto: Cornelia Liebwein\" width=\"418\" height=\"450\" srcset=\"https:\/\/www.waldfreibad.com\/wordpress\/wp-content\/uploads\/126312918-p-590_450.jpg 418w, https:\/\/www.waldfreibad.com\/wordpress\/wp-content\/uploads\/126312918-p-590_450-279x300.jpg 279w\" sizes=\"auto, (max-width: 418px) 100vw, 418px\" \/><\/a><p id=\"caption-attachment-987\" class=\"wp-caption-text\">Mit einem Blick kann Olaf D\u00f6hring die Daten aus den Becken auf dem Bildschirm der neu installierten Mess- und Regeltechnik bei sich auf dem Schreibtisch erfassen. Foto: Cornelia Liebwein<\/p><\/div>\n<p>Ungef\u00e4hr 12 000 Schwimmer tummelten sich bisher in dieser Saison im Wasser, im Vorjahr waren es um diese Zeit an die 30 000 Badeg\u00e4ste. &#8222;Der Siebenschl\u00e4fertag und das wechselhafte Wetter an diesem Tag hat sich bis hierher bewahrheitet&#8220;, bedauert der Vorsitzende des F\u00f6rdervereins, Rainer Schwinkendorf. &#8222;Das Wetter war zwar nicht so schlecht&#8220;, erg\u00e4nzt er, &#8222;aber es war immer wolkig und windig, was nicht gut f\u00fcr ein Schwimmbad ist&#8220;. Obgleich der Juli trocken gewesen sei, seien die Besucher ausgeblieben, gerade wegen der Wolken, erkl\u00e4rt er weiter. Einer der treuen regelm\u00e4\u00dfigen G\u00e4ste, der soeben vorbeischlendert, bemerkt hingegen: &#8222;Mir ist das Wetter gleichg\u00fcltig. Ich freue mich, dass ich hier in diesem sch\u00f6nen Bad t\u00e4glich meine Bahnen ziehen kann&#8220;.<\/p>\n<div class=\"boxOhne breakerAd\"><\/div>\n<p class=\"bigGallery breaker\">&#8222;Ja, die Dauerschwimmer genie\u00dfen den \u00fcberschaubaren Badebetrieb \u2013 die schwimmen ihre Bahnen und f\u00fchlen sich fast schon wie in einem Privatbad&#8220;, sagt Schwinkendorf und schlie\u00dft an: Lediglich an drei bis vier Tagen seien jeweils um die 1000 Badeg\u00e4ste und dar\u00fcber hinaus da gewesen. &#8222;Das, und unter der Woche, sind f\u00fcr hier oben sehr gute Zahlen, aber uns fehlen halt mehr solche Tage&#8220;, pflichtet ihm Schwimmmeister D\u00f6hring bei. Nat\u00fcrlich, schlie\u00dflich genie\u00dfen die meisten der Ferien- und Badeg\u00e4ste neben dem Bad im Wasser gerne auch ein Bad in der Sonne auf der inmitten von B\u00e4umen gelegenen Wiese.<\/p>\n<div class=\"ngZwiti\"><strong>Leerlauf im Bad wird f\u00fcr Wartungsarbeiten genutzt<\/strong><\/div>\n<p>Olaf D\u00f6hring nutzt indes den Leerlauf, denn Arbeit gebe es genug, die man machen m\u00fcsse. Vor drei Tagen habe er die Br\u00fcstung saniert, deren oxidierter Baustahl den Beton weggesprengt hatte. Und die B\u00e4ume wachsen trotzdem, ob viele Menschen kommen oder nicht, sagt er. B\u00e4ume und Str\u00e4ucher m\u00fcssen zur\u00fcckgeschnitten, Wiesenabschnitte nachges\u00e4t oder die Fugen des Planschbeckens immer wieder ausgebessert werden. Der Job als Schwimmmeister ist ein Beruf mit vielen Facetten.<\/p>\n<p>Nun haben nur noch die Bundesl\u00e4nder Bayern und Baden-W\u00fcrttemberg Ferien. Doch immer noch k\u00f6nne man viele Ausw\u00e4rtige begr\u00fc\u00dfen. Neulich eine Arztfamilie aus Stuttgart, eine andere aus Regensburg, z\u00e4hlt D\u00f6hring auf, der f\u00fcr seine G\u00e4ste stets ein offenes Ohr hat. Die Menschen kommen aus der n\u00e4heren Umgebung und aus der Ferne, freut sich D\u00f6hring.<\/p>\n<p>Der Vorteil des hochgelegenen Bades ist das beheizte Wasser. &#8222;22 Grad Wassertemperatur sind garantiert oder wie momentan, 25 Grad, das ist nat\u00fcrlich angenehm&#8220;, erkl\u00e4rt D\u00f6hring. Die Mitglieder der DLRG unterst\u00fctzen ihn beim \u00dcberwachen der Becken am Wochenende bis zu den Schulferien, danach seien es die Ferienjobber, die ihm unter die Arme greifen.<\/p>\n<p>Unf\u00e4lle? Nein, die gab es in diesem Jahr bisher noch nicht. Es sei auch diesbez\u00fcglich ein ganz ruhiger Sommer gewesen, kein einziges Mal habe er den Rettungswagen gebraucht, sagt D\u00f6hring. Lediglich kleinere Sachen wie Platzwunden habe es gegeben. &#8222;Das Wichtigste ist, dass die Leute so gesund, wie sie das Bad betreten, auch wieder nachhause gehen k\u00f6nnen&#8220;, meint der Bademeister.<\/p>\n<p>&nbsp;<\/p>\n<div id=\"attachment_986\" style=\"width: 635px\" class=\"wp-caption alignnone\"><a href=\"https:\/\/www.waldfreibad.com\/wordpress\/wp-content\/uploads\/126312913.jpg\"><img loading=\"lazy\" decoding=\"async\" aria-describedby=\"caption-attachment-986\" class=\"wp-image-986 size-large\" src=\"https:\/\/www.waldfreibad.com\/wordpress\/wp-content\/uploads\/126312913-1024x578.jpg\" alt=\"126312913\" width=\"625\" height=\"353\" srcset=\"https:\/\/www.waldfreibad.com\/wordpress\/wp-content\/uploads\/126312913.jpg 1024w, https:\/\/www.waldfreibad.com\/wordpress\/wp-content\/uploads\/126312913-300x169.jpg 300w, https:\/\/www.waldfreibad.com\/wordpress\/wp-content\/uploads\/126312913-624x352.jpg 624w\" sizes=\"auto, (max-width: 625px) 100vw, 625px\" \/><\/a><p id=\"caption-attachment-986\" class=\"wp-caption-text\">Der Mann am Beckenrand: Bademeister Olaf D\u00f6hring. Viel zu oft waren die Becken in dieser Saison beinahe leer, so wie auf diesem Bild. Foto: Cornelia Liebwein<\/p><\/div>\n<p>&nbsp;<\/p>\n","protected":false},"excerpt":{"rendered":"<p>Badische Zeitung vom\u00a019. August 2016 Das Waldfreibad H\u00f6chenschwand-H\u00e4usern leidet unter dem wechselhaften Wetter \/ Arbeit f\u00fcr den Bademeister gibt es trotzdem genug. H\u00c4USERN\/H\u00d6CHENSCHWAND. Eine wechselhafte Wetterwoche folgt der n\u00e4chsten. Schlecht auch f\u00fcr das Waldfreibad H\u00f6chenschwand-H\u00e4usern, wo das unstete Wetter einen Einbruch bei den Einnahmen bei weiter laufenden Betriebs- und Personalkosten verursacht. Auf satte, warme Temperaturen [&hellip;]<\/p>\n","protected":false},"author":1,"featured_media":0,"comment_status":"closed","ping_status":"closed","sticky":false,"template":"","format":"standard","meta":{"ngg_post_thumbnail":0,"footnotes":""},"categories":[27],"tags":[],"class_list":["post-985","post","type-post","status-publish","format-standard","hentry","category-presse-2016"],"_links":{"self":[{"href":"https:\/\/www.waldfreibad.com\/index.php?rest_route=\/wp\/v2\/posts\/985","targetHints":{"allow":["GET"]}}],"collection":[{"href":"https:\/\/www.waldfreibad.com\/index.php?rest_route=\/wp\/v2\/posts"}],"about":[{"href":"https:\/\/www.waldfreibad.com\/index.php?rest_route=\/wp\/v2\/types\/post"}],"author":[{"embeddable":true,"href":"https:\/\/www.waldfreibad.com\/index.php?rest_route=\/wp\/v2\/users\/1"}],"replies":[{"embeddable":true,"href":"https:\/\/www.waldfreibad.com\/index.php?rest_route=%2Fwp%2Fv2%2Fcomments&post=985"}],"version-history":[{"count":3,"href":"https:\/\/www.waldfreibad.com\/index.php?rest_route=\/wp\/v2\/posts\/985\/revisions"}],"predecessor-version":[{"id":1009,"href":"https:\/\/www.waldfreibad.com\/index.php?rest_route=\/wp\/v2\/posts\/985\/revisions\/1009"}],"wp:attachment":[{"href":"https:\/\/www.waldfreibad.com\/index.php?rest_route=%2Fwp%2Fv2%2Fmedia&parent=985"}],"wp:term":[{"taxonomy":"category","embeddable":true,"href":"https:\/\/www.waldfreibad.com\/index.php?rest_route=%2Fwp%2Fv2%2Fcategories&post=985"},{"taxonomy":"post_tag","embeddable":true,"href":"https:\/\/www.waldfreibad.com\/index.php?rest_route=%2Fwp%2Fv2%2Ftags&post=985"}],"curies":[{"name":"wp","href":"https:\/\/api.w.org\/{rel}","templated":true}]}}